{"id":10536,"date":"2019-12-10T10:32:31","date_gmt":"2019-12-10T13:32:31","guid":{"rendered":"http:\/\/www.tunuyan.gov.ar\/site\/?p=10536"},"modified":"2019-12-11T18:47:58","modified_gmt":"2019-12-11T21:47:58","slug":"en-un-historico-acto-martin-aveiro-asumio-su-3er-mandato-como-intendente-de-tunuyan","status":"publish","type":"post","link":"https:\/\/www.tunuyan.gov.ar\/site\/en-un-historico-acto-martin-aveiro-asumio-su-3er-mandato-como-intendente-de-tunuyan\/","title":{"rendered":"En un hist\u00f3rico acto, Mart\u00edn Aveiro asumi\u00f3 su 3er mandato como Intendente de Tunuy\u00e1n"},"content":{"rendered":"\n<p>Con emociones a flor de piel, el Profesor Mart\u00edn Aveiro jur\u00f3 nuevamente como Intendente del departamento coraz\u00f3n del Valle de Uco. El evento se llev\u00f3 a cabo en el Auditorio Municipal Jorge Ra\u00fal Silvano. El mismo estuvo repleto de vecinos y autoridades, que se aprestaron para acompa\u00f1ar al mandatario.<\/p>\n\n\n\n<p>Fue un momento \u00fanico e irrepetible\npara el departamento ya que nunca un Intendente hab\u00eda sido elegido por tercera\nvez consecutiva en un acto democr\u00e1tico. Esto lo hace hist\u00f3rico, porque a menos\nque la constituci\u00f3n provincial sea modificada, ning\u00fan Intendente podr\u00e1 ser\nreelecto m\u00e1s de una vez en los departamentos mendocinos.<\/p>\n\n\n\n<p>El evento comenz\u00f3 con la sesi\u00f3n\nextraordinaria del Concejo Deliberante de Tunuy\u00e1n, el Edil Enrique Romero,\npresidente del HCD, tom\u00f3 juramento al Intendente elegido por los tunuyaninos\npara comandar el departamento desde diciembre de 2.019 a diciembre de 2.023.\nLuego se proyect\u00f3&nbsp; un video como repaso\nde la transformaci\u00f3n gestionada y realizada en el departamento que comanda\nAveiro desde hace 8 a\u00f1os.<\/p>\n\n\n\n<p>Entre el p\u00fablico prevalec\u00edan los\nvecinos y representantes de instituciones de Tunuy\u00e1n, a quienes se sum\u00f3 un\nsignificativo n\u00famero de dirigentes pol\u00edticos, legisladores y los Intendentes\nelectos en La Paz, Santa Rosa, San Rafael, Lavalle y Maip\u00fa. Por supuesto, lo\nacompa\u00f1aron sus hijos y familiares.<\/p>\n\n\n\n<p>Luego del acto protocolar, se proyectaron\nim\u00e1genes emotivas del Intendente y su familia, \u201cel motor que me impulsa cada\nd\u00eda\u201d como dijo en su discurso. Discurso descontracturado en el que se mostr\u00f3\nemocionado y entusiasmado para seguir creando nuevos proyectos y cumpliendo el\nsue\u00f1o de ver a Tunuy\u00e1n en lo m\u00e1s alto.<\/p>\n","protected":false},"excerpt":{"rendered":"<p>Con emociones a flor de piel, el Profesor Mart\u00edn Aveiro jur\u00f3 nuevamente como Intendente del departamento coraz\u00f3n del Valle de Uco. El evento se llev\u00f3 a cabo en el Auditorio Municipal Jorge Ra\u00fal Silvano. El mismo estuvo repleto de vecinos y autoridades, que se aprestaron para acompa\u00f1ar al mandatario. Fue un momento \u00fanico e irrepetible [&hellip;]<\/p>\n","protected":false},"author":4,"featured_media":10537,"comment_status":"open","ping_status":"closed","sticky":false,"template":"","format":"standard","meta":{"footnotes":""},"categories":[24],"tags":[],"class_list":["post-10536","post","type-post","status-publish","format-standard","has-post-thumbnail","hentry","category-noticias"],"_links":{"self":[{"href":"https:\/\/www.tunuyan.gov.ar\/site\/wp-json\/wp\/v2\/posts\/10536","targetHints":{"allow":["GET"]}}],"collection":[{"href":"https:\/\/www.tunuyan.gov.ar\/site\/wp-json\/wp\/v2\/posts"}],"about":[{"href":"https:\/\/www.tunuyan.gov.ar\/site\/wp-json\/wp\/v2\/types\/post"}],"author":[{"embeddable":true,"href":"https:\/\/www.tunuyan.gov.ar\/site\/wp-json\/wp\/v2\/users\/4"}],"replies":[{"embeddable":true,"href":"https:\/\/www.tunuyan.gov.ar\/site\/wp-json\/wp\/v2\/comments?post=10536"}],"version-history":[{"count":1,"href":"https:\/\/www.tunuyan.gov.ar\/site\/wp-json\/wp\/v2\/posts\/10536\/revisions"}],"predecessor-version":[{"id":10538,"href":"https:\/\/www.tunuyan.gov.ar\/site\/wp-json\/wp\/v2\/posts\/10536\/revisions\/10538"}],"wp:featuredmedia":[{"embeddable":true,"href":"https:\/\/www.tunuyan.gov.ar\/site\/wp-json\/wp\/v2\/media\/10537"}],"wp:attachment":[{"href":"https:\/\/www.tunuyan.gov.ar\/site\/wp-json\/wp\/v2\/media?parent=10536"}],"wp:term":[{"taxonomy":"category","embeddable":true,"href":"https:\/\/www.tunuyan.gov.ar\/site\/wp-json\/wp\/v2\/categories?post=10536"},{"taxonomy":"post_tag","embeddable":true,"href":"https:\/\/www.tunuyan.gov.ar\/site\/wp-json\/wp\/v2\/tags?post=10536"}],"curies":[{"name":"wp","href":"https:\/\/api.w.org\/{rel}","templated":true}]}}