{"id":10819,"date":"2020-02-20T09:36:39","date_gmt":"2020-02-20T12:36:39","guid":{"rendered":"http:\/\/www.tunuyan.gov.ar\/site\/?p=10819"},"modified":"2020-02-20T09:36:40","modified_gmt":"2020-02-20T12:36:40","slug":"la-44-vuelta-ciclistica-de-mendoza-llego-al-manzano-historico-con-un-marco-de-publico-increible","status":"publish","type":"post","link":"https:\/\/www.tunuyan.gov.ar\/site\/la-44-vuelta-ciclistica-de-mendoza-llego-al-manzano-historico-con-un-marco-de-publico-increible\/","title":{"rendered":"La 44\u00b0 vuelta cicl\u00edstica de Mendoza lleg\u00f3 al Manzano Hist\u00f3rico con un marco de p\u00fablico incre\u00edble."},"content":{"rendered":"\n<p>Se llev\u00f3 a cabo en Tunuy\u00e1n la segunda etapa de la \u201cVuelta de Mendoza\u201d, una competencia conocida a nivel nacional que incluso en cada edici\u00f3n suma m\u00e1s adeptos de pa\u00edses lim\u00edtrofes. <\/p>\n\n\n\n<p>La etapa realizada en Tunuy\u00e1n atrajo a p\u00fablico de toda la\nprovincia que sigue cada uno de los recorridos y tunuyaninos que salieron a las\nrutas transitadas a disfrutar la competencia y por qu\u00e9 no, a elegir a sus\nfavoritos.<\/p>\n\n\n\n<p>El broche de oro se dio en el Manzano Hist\u00f3rico, su camino\nfue el punto m\u00e1ximo de la competencia, en exigencia y en belleza por el paisaje\nque llamaba a los ciclistas a zambullirse entre las monta\u00f1as. <\/p>\n\n\n\n<p>Juan Pablo Dotti &nbsp;con\n3hs 49\u2019 3\u2019\u2019fue el ganador de esta etapa que comenz\u00f3 en San Carlos y que tuvo\ncomo 160km en su recorrido.<\/p>\n\n\n\n<p>Fue un domingo con much\u00edsimos espectadores que aprovecharon\npara recorrer el paraje del Manzano Hist\u00f3rico y que se llevaron innumerables\nfotograf\u00edas con la frase #Viv\u00edTunuy\u00e1n que ya recorren la provincia y el pa\u00eds. <\/p>\n\n\n\n<p>Aprovechando la ocasi\u00f3n, la Reina departamental de la\nVendimia, Eugenia Serrani, estuvo presente conociendo a los espectadores y\nfotografi\u00e1ndose con ellos. Adem\u00e1s tuvo el privilegio de bajar la bandera a\ncuadros en la primera etapa de la competencia.<\/p>\n\n\n\n<p>Cabe destacar que muchos aficionados al ciclismo hab\u00edan\nllegado el d\u00eda previo para alojarse en el Manzano Hist\u00f3rico, cuesti\u00f3n que\ngener\u00f3 un gran flujo tur\u00edstico durante todo el fin de semana.<\/p>\n","protected":false},"excerpt":{"rendered":"<p>Se llev\u00f3 a cabo en Tunuy\u00e1n la segunda etapa de la \u201cVuelta de Mendoza\u201d, una competencia conocida a nivel nacional que incluso en cada edici\u00f3n suma m\u00e1s adeptos de pa\u00edses lim\u00edtrofes. La etapa realizada en Tunuy\u00e1n atrajo a p\u00fablico de toda la provincia que sigue cada uno de los recorridos y tunuyaninos que salieron a [&hellip;]<\/p>\n","protected":false},"author":2,"featured_media":10820,"comment_status":"open","ping_status":"closed","sticky":false,"template":"","format":"standard","meta":{"footnotes":""},"categories":[24],"tags":[],"class_list":["post-10819","post","type-post","status-publish","format-standard","has-post-thumbnail","hentry","category-noticias"],"_links":{"self":[{"href":"https:\/\/www.tunuyan.gov.ar\/site\/wp-json\/wp\/v2\/posts\/10819","targetHints":{"allow":["GET"]}}],"collection":[{"href":"https:\/\/www.tunuyan.gov.ar\/site\/wp-json\/wp\/v2\/posts"}],"about":[{"href":"https:\/\/www.tunuyan.gov.ar\/site\/wp-json\/wp\/v2\/types\/post"}],"author":[{"embeddable":true,"href":"https:\/\/www.tunuyan.gov.ar\/site\/wp-json\/wp\/v2\/users\/2"}],"replies":[{"embeddable":true,"href":"https:\/\/www.tunuyan.gov.ar\/site\/wp-json\/wp\/v2\/comments?post=10819"}],"version-history":[{"count":1,"href":"https:\/\/www.tunuyan.gov.ar\/site\/wp-json\/wp\/v2\/posts\/10819\/revisions"}],"predecessor-version":[{"id":10821,"href":"https:\/\/www.tunuyan.gov.ar\/site\/wp-json\/wp\/v2\/posts\/10819\/revisions\/10821"}],"wp:featuredmedia":[{"embeddable":true,"href":"https:\/\/www.tunuyan.gov.ar\/site\/wp-json\/wp\/v2\/media\/10820"}],"wp:attachment":[{"href":"https:\/\/www.tunuyan.gov.ar\/site\/wp-json\/wp\/v2\/media?parent=10819"}],"wp:term":[{"taxonomy":"category","embeddable":true,"href":"https:\/\/www.tunuyan.gov.ar\/site\/wp-json\/wp\/v2\/categories?post=10819"},{"taxonomy":"post_tag","embeddable":true,"href":"https:\/\/www.tunuyan.gov.ar\/site\/wp-json\/wp\/v2\/tags?post=10819"}],"curies":[{"name":"wp","href":"https:\/\/api.w.org\/{rel}","templated":true}]}}