{"id":10835,"date":"2020-02-20T09:51:26","date_gmt":"2020-02-20T12:51:26","guid":{"rendered":"http:\/\/www.tunuyan.gov.ar\/site\/?p=10835"},"modified":"2020-02-20T09:51:27","modified_gmt":"2020-02-20T12:51:27","slug":"maria-eugenia-serrani-sigue-sumando-el-apoyo-de-famosos-en-su-camino-a-la-eleccion-de-la-reina-nacional-de-la-vendimia","status":"publish","type":"post","link":"https:\/\/www.tunuyan.gov.ar\/site\/maria-eugenia-serrani-sigue-sumando-el-apoyo-de-famosos-en-su-camino-a-la-eleccion-de-la-reina-nacional-de-la-vendimia\/","title":{"rendered":"Mar\u00eda Eugenia Serrani, sigue sumando el apoyo de famosos en su camino a la elecci\u00f3n de la Reina Nacional de la Vendimia"},"content":{"rendered":"\n<p>La reina departamental de la vendimia de Tunuy\u00e1n es una de las candidatas al cetro nacional que m\u00e1s moviliza las redes sociales. La joven difunde todas sus actividades en su perfil de Instagram y cada vez suma m\u00e1s seguidores.<\/p>\n\n\n\n<p>En su perfil est\u00e1n publicadas sus fotos con atributos y\ncasuales, mostrando su agenda de entrevistas, recorridos y aprendizaje que\ntransita estos d\u00edas.<\/p>\n\n\n\n<p>Pero no es Eugenia la \u00fanica que se auto-menciona en las\nredes, el pueblo tunuyanino la sigue y aporta con sus menciones y\netiquetas.&nbsp; Adem\u00e1s son varios los famosos\nque le brindan su apoyo a trav\u00e9s de videos como es el caso de \u201cPachu\u201d Pe\u00f1a \u201cMi\ncandidata para reina nacional de la vendimia es Mar\u00eda Eugenia Serrani, muy\nbonita, buena gente, una grosa\u201d\u2026<\/p>\n\n\n\n<p>Jos\u00e9 Mar\u00eda Muscari, productor de teatro tambi\u00e9n le envi\u00f3 un\nvideo alent\u00e1ndola, le envi\u00f3 un \u201cbeso grande\u201d y dijo,&nbsp; \u201cojal\u00e1 que gane como reina\u201d.<\/p>\n\n\n\n<p>Dami\u00e1n De Santo le dese\u00f3 \u00e9xitos dici\u00e9ndole \u201cQueremos que sea\nla reina y a toda la gente de Tunuy\u00e1n les mando un beso enorme, tenemos la\nreina nacional\u201d, el actor finaliz\u00f3 su mensaje diciendo \u201cPronto me van a tener\npor ah\u00ed\u201d.<\/p>\n\n\n\n<p>El apoyo a la reina de Tunuy\u00e1n tambi\u00e9n se ve en las calles y\nen cada evento al que asiste. Los mendocinos ya la reconocen por su carisma y\nsu facilidad al expresarse. <\/p>\n","protected":false},"excerpt":{"rendered":"<p>La reina departamental de la vendimia de Tunuy\u00e1n es una de las candidatas al cetro nacional que m\u00e1s moviliza las redes sociales. La joven difunde todas sus actividades en su perfil de Instagram y cada vez suma m\u00e1s seguidores. En su perfil est\u00e1n publicadas sus fotos con atributos y casuales, mostrando su agenda de entrevistas, [&hellip;]<\/p>\n","protected":false},"author":2,"featured_media":10836,"comment_status":"open","ping_status":"closed","sticky":false,"template":"","format":"standard","meta":{"footnotes":""},"categories":[24],"tags":[],"class_list":["post-10835","post","type-post","status-publish","format-standard","has-post-thumbnail","hentry","category-noticias"],"_links":{"self":[{"href":"https:\/\/www.tunuyan.gov.ar\/site\/wp-json\/wp\/v2\/posts\/10835","targetHints":{"allow":["GET"]}}],"collection":[{"href":"https:\/\/www.tunuyan.gov.ar\/site\/wp-json\/wp\/v2\/posts"}],"about":[{"href":"https:\/\/www.tunuyan.gov.ar\/site\/wp-json\/wp\/v2\/types\/post"}],"author":[{"embeddable":true,"href":"https:\/\/www.tunuyan.gov.ar\/site\/wp-json\/wp\/v2\/users\/2"}],"replies":[{"embeddable":true,"href":"https:\/\/www.tunuyan.gov.ar\/site\/wp-json\/wp\/v2\/comments?post=10835"}],"version-history":[{"count":2,"href":"https:\/\/www.tunuyan.gov.ar\/site\/wp-json\/wp\/v2\/posts\/10835\/revisions"}],"predecessor-version":[{"id":10840,"href":"https:\/\/www.tunuyan.gov.ar\/site\/wp-json\/wp\/v2\/posts\/10835\/revisions\/10840"}],"wp:featuredmedia":[{"embeddable":true,"href":"https:\/\/www.tunuyan.gov.ar\/site\/wp-json\/wp\/v2\/media\/10836"}],"wp:attachment":[{"href":"https:\/\/www.tunuyan.gov.ar\/site\/wp-json\/wp\/v2\/media?parent=10835"}],"wp:term":[{"taxonomy":"category","embeddable":true,"href":"https:\/\/www.tunuyan.gov.ar\/site\/wp-json\/wp\/v2\/categories?post=10835"},{"taxonomy":"post_tag","embeddable":true,"href":"https:\/\/www.tunuyan.gov.ar\/site\/wp-json\/wp\/v2\/tags?post=10835"}],"curies":[{"name":"wp","href":"https:\/\/api.w.org\/{rel}","templated":true}]}}