{"id":10928,"date":"2020-03-08T00:34:27","date_gmt":"2020-03-08T03:34:27","guid":{"rendered":"https:\/\/www.tunuyan.gov.ar\/site\/?p=10928"},"modified":"2020-03-08T00:36:15","modified_gmt":"2020-03-08T03:36:15","slug":"eugenia-serrani-la-reina-de-tunuyan-portara-la-corona-de-virreina-nacional-de-la-vendimia","status":"publish","type":"post","link":"https:\/\/www.tunuyan.gov.ar\/site\/eugenia-serrani-la-reina-de-tunuyan-portara-la-corona-de-virreina-nacional-de-la-vendimia\/","title":{"rendered":"Eugenia Serrani, la reina de Tunuy\u00e1n portar\u00e1 la corona de Virreina Nacional de la Vendimia"},"content":{"rendered":"\n<p>En una elecci\u00f3n que quedar\u00e1 en la memoria de todos los tunuyaninos, la encantadora representante del coraz\u00f3n del Valle de Uco fue elegida Virreina Nacional de la Vendimia 2020. La joven acompa\u00f1ar\u00e1 durante su mandato a Mayra Tous representante oriunda de Tupungato.<br> Las encuestas ya la hab\u00edan posicionado como una de las candidatas a la que m\u00e1s cari\u00f1o le ten\u00edan  los mendocinos, un cari\u00f1o totalmente rec\u00edproco que florec\u00eda en cada encuentro, en cada fotograf\u00eda y en cada aliento en las redes sociales. <br> Ahora Mar\u00eda Eugenia comenz\u00f3 a sembrar la semilla que dej\u00f3 en quienes han podido conocerla en este tiempo, d\u00e1ndoles su mensaje sobre la importancia del cuidado del agua.<\/p>\n\n\n\n<p>Mar\u00eda Eugenia Serrani estuvo acompa\u00f1ada por el municipio de Tunuy\u00e1n y del Intendente del departamento, Mart\u00edn Aveiro, que conf\u00edo ciegamente en que con tal representante, Tunuy\u00e1n portar\u00eda parte del cetro Nacional.<\/p>\n\n\n\n<p>Hoy, la virreina Nacional de la Vendimia deja en lo m\u00e1s alto a Tunuy\u00e1n porque en su corona llevar\u00e1 la confianza y la ilusi\u00f3n que todo el pueblo tunuyanino deposit\u00f3 en ella. <\/p>\n\n\n\n<p>\u00a1Felicitaciones Euge, Tunuy\u00e1n te abraza!<\/p>\n","protected":false},"excerpt":{"rendered":"<p>En una elecci\u00f3n que quedar\u00e1 en la memoria de todos los tunuyaninos, la encantadora representante del coraz\u00f3n del Valle de Uco fue elegida Virreina Nacional de la Vendimia 2020. La joven acompa\u00f1ar\u00e1 durante su mandato a Mayra Tous representante oriunda de Tupungato. Las encuestas ya la hab\u00edan posicionado como una de las candidatas a la [&hellip;]<\/p>\n","protected":false},"author":2,"featured_media":10930,"comment_status":"open","ping_status":"closed","sticky":false,"template":"","format":"standard","meta":{"footnotes":""},"categories":[24],"tags":[],"class_list":["post-10928","post","type-post","status-publish","format-standard","has-post-thumbnail","hentry","category-noticias"],"_links":{"self":[{"href":"https:\/\/www.tunuyan.gov.ar\/site\/wp-json\/wp\/v2\/posts\/10928","targetHints":{"allow":["GET"]}}],"collection":[{"href":"https:\/\/www.tunuyan.gov.ar\/site\/wp-json\/wp\/v2\/posts"}],"about":[{"href":"https:\/\/www.tunuyan.gov.ar\/site\/wp-json\/wp\/v2\/types\/post"}],"author":[{"embeddable":true,"href":"https:\/\/www.tunuyan.gov.ar\/site\/wp-json\/wp\/v2\/users\/2"}],"replies":[{"embeddable":true,"href":"https:\/\/www.tunuyan.gov.ar\/site\/wp-json\/wp\/v2\/comments?post=10928"}],"version-history":[{"count":3,"href":"https:\/\/www.tunuyan.gov.ar\/site\/wp-json\/wp\/v2\/posts\/10928\/revisions"}],"predecessor-version":[{"id":13359,"href":"https:\/\/www.tunuyan.gov.ar\/site\/wp-json\/wp\/v2\/posts\/10928\/revisions\/13359"}],"wp:featuredmedia":[{"embeddable":true,"href":"https:\/\/www.tunuyan.gov.ar\/site\/wp-json\/wp\/v2\/media\/10930"}],"wp:attachment":[{"href":"https:\/\/www.tunuyan.gov.ar\/site\/wp-json\/wp\/v2\/media?parent=10928"}],"wp:term":[{"taxonomy":"category","embeddable":true,"href":"https:\/\/www.tunuyan.gov.ar\/site\/wp-json\/wp\/v2\/categories?post=10928"},{"taxonomy":"post_tag","embeddable":true,"href":"https:\/\/www.tunuyan.gov.ar\/site\/wp-json\/wp\/v2\/tags?post=10928"}],"curies":[{"name":"wp","href":"https:\/\/api.w.org\/{rel}","templated":true}]}}