{"id":12818,"date":"2020-06-10T17:24:23","date_gmt":"2020-06-10T20:24:23","guid":{"rendered":"https:\/\/www.tunuyan.gov.ar\/site\/?p=12818"},"modified":"2020-06-10T17:24:25","modified_gmt":"2020-06-10T20:24:25","slug":"se-reactiva-el-turismo-interno","status":"publish","type":"post","link":"https:\/\/www.tunuyan.gov.ar\/site\/se-reactiva-el-turismo-interno\/","title":{"rendered":"Se reactiva el turismo interno"},"content":{"rendered":"\n<p>Si bien no se ha publicado en el Bolet\u00edn Oficial, el Intendente de Tunuy\u00e1n, Mart\u00edn Aveiro, adelant\u00f3 que vuelve el turismo interno tras el Aislamiento Social, Preventivo y Obligatorio establecido en Argentina, desde marzo, en la marco de la Pandemia mundial por COVID-19. Esto fue despu\u00e9s de reunirse con el Gobernador, Rodolfo Su\u00e1rez.<\/p>\n\n\n\n<p>Desde la Municipalidad de Tunuy\u00e1n, y en conjunto con prestadores tur\u00edsticos, se viene trabajando en los protocolos de seguridad e higiene, para garantizar que la apertura de la actividad no genere efectos negativos. Se sumar\u00e1n, claro est\u00e1, a las medidas contempladas en el DNU que ser\u00e1 publicado en el Bolet\u00edn Oficial del Gobierno de Mendoza.<\/p>\n\n\n\n<p>En primera instancia, y es importante resaltarlo, se reactivar\u00e1 el turismo interno. Esto quiere decir, que no correr\u00e1 m\u00e1s la restricci\u00f3n correspondiente al concepto de \u201ccercan\u00eda\u201d geogr\u00e1fica, por lo que podr\u00e1n llegar a Tunuy\u00e1n turistas de cualquier otro departamento de la provincia. Es una grata noticia para el sector tur\u00edstico, uno de los m\u00e1s golpeados durante este duro proceso de aislamiento.<\/p>\n\n\n\n<p>En las pr\u00f3ximas horas se dar\u00e1n a conocer los detalles del protocolo establecido, a fin de recuperar el tiempo perdido y volvernos a ver.<\/p>\n","protected":false},"excerpt":{"rendered":"<p>Si bien no se ha publicado en el Bolet\u00edn Oficial, el Intendente de Tunuy\u00e1n, Mart\u00edn Aveiro, adelant\u00f3 que vuelve el turismo interno tras el Aislamiento Social, Preventivo y Obligatorio establecido en Argentina, desde marzo, en la marco de la Pandemia mundial por COVID-19. Esto fue despu\u00e9s de reunirse con el Gobernador, Rodolfo Su\u00e1rez. Desde la [&hellip;]<\/p>\n","protected":false},"author":4,"featured_media":12819,"comment_status":"open","ping_status":"closed","sticky":false,"template":"","format":"standard","meta":{"footnotes":""},"categories":[24],"tags":[],"class_list":["post-12818","post","type-post","status-publish","format-standard","has-post-thumbnail","hentry","category-noticias"],"_links":{"self":[{"href":"https:\/\/www.tunuyan.gov.ar\/site\/wp-json\/wp\/v2\/posts\/12818","targetHints":{"allow":["GET"]}}],"collection":[{"href":"https:\/\/www.tunuyan.gov.ar\/site\/wp-json\/wp\/v2\/posts"}],"about":[{"href":"https:\/\/www.tunuyan.gov.ar\/site\/wp-json\/wp\/v2\/types\/post"}],"author":[{"embeddable":true,"href":"https:\/\/www.tunuyan.gov.ar\/site\/wp-json\/wp\/v2\/users\/4"}],"replies":[{"embeddable":true,"href":"https:\/\/www.tunuyan.gov.ar\/site\/wp-json\/wp\/v2\/comments?post=12818"}],"version-history":[{"count":1,"href":"https:\/\/www.tunuyan.gov.ar\/site\/wp-json\/wp\/v2\/posts\/12818\/revisions"}],"predecessor-version":[{"id":12820,"href":"https:\/\/www.tunuyan.gov.ar\/site\/wp-json\/wp\/v2\/posts\/12818\/revisions\/12820"}],"wp:featuredmedia":[{"embeddable":true,"href":"https:\/\/www.tunuyan.gov.ar\/site\/wp-json\/wp\/v2\/media\/12819"}],"wp:attachment":[{"href":"https:\/\/www.tunuyan.gov.ar\/site\/wp-json\/wp\/v2\/media?parent=12818"}],"wp:term":[{"taxonomy":"category","embeddable":true,"href":"https:\/\/www.tunuyan.gov.ar\/site\/wp-json\/wp\/v2\/categories?post=12818"},{"taxonomy":"post_tag","embeddable":true,"href":"https:\/\/www.tunuyan.gov.ar\/site\/wp-json\/wp\/v2\/tags?post=12818"}],"curies":[{"name":"wp","href":"https:\/\/api.w.org\/{rel}","templated":true}]}}