{"id":13178,"date":"2020-07-07T09:29:18","date_gmt":"2020-07-07T12:29:18","guid":{"rendered":"https:\/\/www.tunuyan.gov.ar\/site\/?p=13178"},"modified":"2020-07-07T09:32:13","modified_gmt":"2020-07-07T12:32:13","slug":"tunuyan-rindio-homenaje-a-la-independencia-de-la-patria-con-un-sencillo-acto-protocolar","status":"publish","type":"post","link":"https:\/\/www.tunuyan.gov.ar\/site\/tunuyan-rindio-homenaje-a-la-independencia-de-la-patria-con-un-sencillo-acto-protocolar\/","title":{"rendered":"Tunuy\u00e1n rindi\u00f3 homenaje a la Independencia de la Patria con un sencillo acto protocolar"},"content":{"rendered":"\n<p><br>Apenas pasadas las 11hs del jueves 9 de julio, el Intendente Mart\u00edn Aveiro encabez\u00f3 el acto que recuerda dicha fecha en 1.816. El evento comenz\u00f3 con el izamiento de las banderas nacionales y provinciales y el Himno Nacional Argentino.<br>El Prof. Enrique Romero, Presidente del HCD de Tunuy\u00e1n, brind\u00f3 unas palabras alusivas para repasar el proceso que llev\u00f3 a nuestro pa\u00eds a la Independencia de la mano del Gral. Don Jos\u00e9 de San Mart\u00edn.<br>Continuamente el Intendente Prof. Mart\u00edn Aveiro dirigi\u00f3 un mensaje a las reinas, autoridades de las Fuerzas de seguridad y del HCD presentes, ya que la asistencia fue restringida en el marco de la pandemia que atravesamos. En dicho discurso record\u00f3 a los abanderados escolares que no han podido asistir a los actos patrios de este a\u00f1o y les dedic\u00f3 parte de su relato.<br>\u00abLa esencia de pueblo y la independencia de nuestro lugar son dif\u00edciles de lograr sin los chicos\u00bb.<br>Aveiro tambi\u00e9n record\u00f3 la historia y llam\u00f3 a la comunidad a \u00abhacer Patria todos los d\u00edas\u00bb, siendo honestos, pensando en el otro, respetando al pr\u00f3jimo y sobre todo, trabajando juntos con el mismo objetivo de vivir mejor en los tiempos dif\u00edciles que vienen. Ese grito de LIBERTAD que dieron los congresales en 1.816 tenemos que darlo hoy, honrando nuestra Patria.<\/p>\n","protected":false},"excerpt":{"rendered":"<p>Apenas pasadas las 11hs del jueves 9 de julio, el Intendente Mart\u00edn Aveiro encabez\u00f3 el acto que recuerda dicha fecha en 1.816. El evento comenz\u00f3 con el izamiento de las banderas nacionales y provinciales y el Himno Nacional Argentino.El Prof. Enrique Romero, Presidente del HCD de Tunuy\u00e1n, brind\u00f3 unas palabras alusivas para repasar el proceso [&hellip;]<\/p>\n","protected":false},"author":2,"featured_media":13179,"comment_status":"open","ping_status":"closed","sticky":false,"template":"","format":"standard","meta":{"footnotes":""},"categories":[24],"tags":[],"class_list":["post-13178","post","type-post","status-publish","format-standard","has-post-thumbnail","hentry","category-noticias"],"_links":{"self":[{"href":"https:\/\/www.tunuyan.gov.ar\/site\/wp-json\/wp\/v2\/posts\/13178","targetHints":{"allow":["GET"]}}],"collection":[{"href":"https:\/\/www.tunuyan.gov.ar\/site\/wp-json\/wp\/v2\/posts"}],"about":[{"href":"https:\/\/www.tunuyan.gov.ar\/site\/wp-json\/wp\/v2\/types\/post"}],"author":[{"embeddable":true,"href":"https:\/\/www.tunuyan.gov.ar\/site\/wp-json\/wp\/v2\/users\/2"}],"replies":[{"embeddable":true,"href":"https:\/\/www.tunuyan.gov.ar\/site\/wp-json\/wp\/v2\/comments?post=13178"}],"version-history":[{"count":2,"href":"https:\/\/www.tunuyan.gov.ar\/site\/wp-json\/wp\/v2\/posts\/13178\/revisions"}],"predecessor-version":[{"id":13181,"href":"https:\/\/www.tunuyan.gov.ar\/site\/wp-json\/wp\/v2\/posts\/13178\/revisions\/13181"}],"wp:featuredmedia":[{"embeddable":true,"href":"https:\/\/www.tunuyan.gov.ar\/site\/wp-json\/wp\/v2\/media\/13179"}],"wp:attachment":[{"href":"https:\/\/www.tunuyan.gov.ar\/site\/wp-json\/wp\/v2\/media?parent=13178"}],"wp:term":[{"taxonomy":"category","embeddable":true,"href":"https:\/\/www.tunuyan.gov.ar\/site\/wp-json\/wp\/v2\/categories?post=13178"},{"taxonomy":"post_tag","embeddable":true,"href":"https:\/\/www.tunuyan.gov.ar\/site\/wp-json\/wp\/v2\/tags?post=13178"}],"curies":[{"name":"wp","href":"https:\/\/api.w.org\/{rel}","templated":true}]}}