{"id":13514,"date":"2020-08-29T16:15:52","date_gmt":"2020-08-29T19:15:52","guid":{"rendered":"https:\/\/www.tunuyan.gov.ar\/site\/?p=13514"},"modified":"2020-08-29T16:15:53","modified_gmt":"2020-08-29T19:15:53","slug":"continuan-las-obras-sobre-calle-pellegrini-en-el-predio-conocido-como-parque-las-vias","status":"publish","type":"post","link":"https:\/\/www.tunuyan.gov.ar\/site\/continuan-las-obras-sobre-calle-pellegrini-en-el-predio-conocido-como-parque-las-vias\/","title":{"rendered":"Contin\u00faan las obras sobre calle Pellegrini, en el predio conocido como Parque \u201cLas V\u00edas\u201d"},"content":{"rendered":"\n<p>Esto tiene que ver, precisamente, con la incorporaci\u00f3n de un informador tur\u00edstico estrat\u00e9gicamente ubicado en intersecci\u00f3n de calles Pellegrini y Francisco Delgado, considerando que es una de las principales rutas de acceso al paraje Manzano Hist\u00f3rico, \u00edcono tur\u00edstico del departamento.<\/p>\n\n\n\n<p>El informador ser\u00e1 utilizado para guiar y dar a conocer las variadas propuestas que, en materia tur\u00edstica, el departamento de Tunuy\u00e1n ofrece a los visitantes. Adem\u00e1s, tendr\u00e1 un espacio sanitario, &nbsp;estacionamiento y ser\u00e1 equipado con las \u00faltimas tecnolog\u00edas para brindar un servicio de calidad.<\/p>\n\n\n\n<p>\u201cLas obras est\u00e1n muy avanzadas\u201d, indic\u00f3 el Intendente de Tunuy\u00e1n, Mart\u00edn Aveiro. Adem\u00e1s, enfatiz\u00f3 y puso en valor el esfuerzo realizado por la comuna, destacando que \u201ctodas las obras que se est\u00e1n llevando a cabo son encaradas con fondos municipales\u201d. Sin embargo, adelant\u00f3 que desde la Naci\u00f3n \u201cest\u00e1n empezando a descentralizar fondos para obras del interior\u201d.<\/p>\n","protected":false},"excerpt":{"rendered":"<p>Esto tiene que ver, precisamente, con la incorporaci\u00f3n de un informador tur\u00edstico estrat\u00e9gicamente ubicado en intersecci\u00f3n de calles Pellegrini y Francisco Delgado, considerando que es una de las principales rutas de acceso al paraje Manzano Hist\u00f3rico, \u00edcono tur\u00edstico del departamento. El informador ser\u00e1 utilizado para guiar y dar a conocer las variadas propuestas que, en [&hellip;]<\/p>\n","protected":false},"author":4,"featured_media":13516,"comment_status":"open","ping_status":"closed","sticky":false,"template":"","format":"standard","meta":{"footnotes":""},"categories":[24],"tags":[],"class_list":["post-13514","post","type-post","status-publish","format-standard","has-post-thumbnail","hentry","category-noticias"],"_links":{"self":[{"href":"https:\/\/www.tunuyan.gov.ar\/site\/wp-json\/wp\/v2\/posts\/13514","targetHints":{"allow":["GET"]}}],"collection":[{"href":"https:\/\/www.tunuyan.gov.ar\/site\/wp-json\/wp\/v2\/posts"}],"about":[{"href":"https:\/\/www.tunuyan.gov.ar\/site\/wp-json\/wp\/v2\/types\/post"}],"author":[{"embeddable":true,"href":"https:\/\/www.tunuyan.gov.ar\/site\/wp-json\/wp\/v2\/users\/4"}],"replies":[{"embeddable":true,"href":"https:\/\/www.tunuyan.gov.ar\/site\/wp-json\/wp\/v2\/comments?post=13514"}],"version-history":[{"count":1,"href":"https:\/\/www.tunuyan.gov.ar\/site\/wp-json\/wp\/v2\/posts\/13514\/revisions"}],"predecessor-version":[{"id":13517,"href":"https:\/\/www.tunuyan.gov.ar\/site\/wp-json\/wp\/v2\/posts\/13514\/revisions\/13517"}],"wp:featuredmedia":[{"embeddable":true,"href":"https:\/\/www.tunuyan.gov.ar\/site\/wp-json\/wp\/v2\/media\/13516"}],"wp:attachment":[{"href":"https:\/\/www.tunuyan.gov.ar\/site\/wp-json\/wp\/v2\/media?parent=13514"}],"wp:term":[{"taxonomy":"category","embeddable":true,"href":"https:\/\/www.tunuyan.gov.ar\/site\/wp-json\/wp\/v2\/categories?post=13514"},{"taxonomy":"post_tag","embeddable":true,"href":"https:\/\/www.tunuyan.gov.ar\/site\/wp-json\/wp\/v2\/tags?post=13514"}],"curies":[{"name":"wp","href":"https:\/\/api.w.org\/{rel}","templated":true}]}}