{"id":13708,"date":"2020-10-14T10:20:55","date_gmt":"2020-10-14T13:20:55","guid":{"rendered":"https:\/\/www.tunuyan.gov.ar\/site\/?p=13708"},"modified":"2020-10-14T15:25:24","modified_gmt":"2020-10-14T18:25:24","slug":"tunuyan-celebra-el-dia-de-la-madre-virtual-con-sorteos-y-shows-en-vivo","status":"publish","type":"post","link":"https:\/\/www.tunuyan.gov.ar\/site\/tunuyan-celebra-el-dia-de-la-madre-virtual-con-sorteos-y-shows-en-vivo\/","title":{"rendered":"Tunuy\u00e1n celebra el \u00abD\u00eda de la Madre\u00bb virtual con sorteos y show&#8217;s en vivo"},"content":{"rendered":"\n<p>El Intendente Mart\u00edn Aveiro pretende no pasar por alto una fecha tan conmemorativa para todos, es por ello que propone a la comunidad celebrarlo conectados y en familia.<\/p>\n\n\n\n<p>La idea tendr\u00e1 la misma tem\u00e1tica que el festejo del d\u00eda del ni\u00f1o en el que miles de personas estuvieron detr\u00e1s de las pantallas participando de juegos y sorteos que dieron como resultado much\u00edsimos ganadores.<\/p>\n\n\n\n<p>En esta oportunidad se destinar\u00e1n 10 l\u00edneas telef\u00f3nicas para que las &#8216;mamis&#8217; tunuyaninas se anoten e ingresen en la competencia para llevarse alg\u00fan regalo especial.<\/p>\n\n\n\n<p>La transmisi\u00f3n se realizar\u00e1 desde el Auditorio Municipal de Tunuy\u00e1n el d\u00eda domingo 18 de octubre a partir de las 19hs y podr\u00e1n seguirlo desde casa a trav\u00e9s del Facebook de Municipalidad Tunuy\u00e1n. Por esta plataforma tambi\u00e9n dar\u00e1n su show, Marcelo Calder\u00f3n y Alejandro Berm\u00fadez.<\/p>\n\n\n\n<p>La Municipalidad de Tunuy\u00e1n har\u00e1 un gran movimiento virtual para que ellas se olviden del contexto de pandemia y pasen un hermoso momento. <\/p>\n\n\n\n<p>Adem\u00e1s, se ha propuesto que durante toda la semana se suban a las redes sociales fotograf\u00edas con mam\u00e1 utilizando el hastag #GraciasMama y etiquetando a La Municipalidad de Tunuy\u00e1n.<\/p>\n\n\n\n<figure class=\"wp-block-image size-large\"><img fetchpriority=\"high\" decoding=\"async\" width=\"819\" height=\"1024\" src=\"https:\/\/www.tunuyan.gov.ar\/site\/wp-content\/uploads\/2020\/10\/IMG_20201014_093320_033-819x1024.jpg\" alt=\"\" class=\"wp-image-13710\" srcset=\"https:\/\/www.tunuyan.gov.ar\/site\/wp-content\/uploads\/2020\/10\/IMG_20201014_093320_033-819x1024.jpg 819w, https:\/\/www.tunuyan.gov.ar\/site\/wp-content\/uploads\/2020\/10\/IMG_20201014_093320_033-240x300.jpg 240w, https:\/\/www.tunuyan.gov.ar\/site\/wp-content\/uploads\/2020\/10\/IMG_20201014_093320_033-768x960.jpg 768w, https:\/\/www.tunuyan.gov.ar\/site\/wp-content\/uploads\/2020\/10\/IMG_20201014_093320_033-980x1225.jpg 980w, https:\/\/www.tunuyan.gov.ar\/site\/wp-content\/uploads\/2020\/10\/IMG_20201014_093320_033-480x600.jpg 480w, https:\/\/www.tunuyan.gov.ar\/site\/wp-content\/uploads\/2020\/10\/IMG_20201014_093320_033.jpg 1024w\" sizes=\"(max-width: 819px) 100vw, 819px\" \/><\/figure>\n","protected":false},"excerpt":{"rendered":"<p>El Intendente Mart\u00edn Aveiro pretende no pasar por alto una fecha tan conmemorativa para todos, es por ello que propone a la comunidad celebrarlo conectados y en familia. La idea tendr\u00e1 la misma tem\u00e1tica que el festejo del d\u00eda del ni\u00f1o en el que miles de personas estuvieron detr\u00e1s de las pantallas participando de juegos [&hellip;]<\/p>\n","protected":false},"author":2,"featured_media":13709,"comment_status":"open","ping_status":"closed","sticky":false,"template":"","format":"standard","meta":{"footnotes":""},"categories":[24],"tags":[],"class_list":["post-13708","post","type-post","status-publish","format-standard","has-post-thumbnail","hentry","category-noticias"],"_links":{"self":[{"href":"https:\/\/www.tunuyan.gov.ar\/site\/wp-json\/wp\/v2\/posts\/13708","targetHints":{"allow":["GET"]}}],"collection":[{"href":"https:\/\/www.tunuyan.gov.ar\/site\/wp-json\/wp\/v2\/posts"}],"about":[{"href":"https:\/\/www.tunuyan.gov.ar\/site\/wp-json\/wp\/v2\/types\/post"}],"author":[{"embeddable":true,"href":"https:\/\/www.tunuyan.gov.ar\/site\/wp-json\/wp\/v2\/users\/2"}],"replies":[{"embeddable":true,"href":"https:\/\/www.tunuyan.gov.ar\/site\/wp-json\/wp\/v2\/comments?post=13708"}],"version-history":[{"count":3,"href":"https:\/\/www.tunuyan.gov.ar\/site\/wp-json\/wp\/v2\/posts\/13708\/revisions"}],"predecessor-version":[{"id":13716,"href":"https:\/\/www.tunuyan.gov.ar\/site\/wp-json\/wp\/v2\/posts\/13708\/revisions\/13716"}],"wp:featuredmedia":[{"embeddable":true,"href":"https:\/\/www.tunuyan.gov.ar\/site\/wp-json\/wp\/v2\/media\/13709"}],"wp:attachment":[{"href":"https:\/\/www.tunuyan.gov.ar\/site\/wp-json\/wp\/v2\/media?parent=13708"}],"wp:term":[{"taxonomy":"category","embeddable":true,"href":"https:\/\/www.tunuyan.gov.ar\/site\/wp-json\/wp\/v2\/categories?post=13708"},{"taxonomy":"post_tag","embeddable":true,"href":"https:\/\/www.tunuyan.gov.ar\/site\/wp-json\/wp\/v2\/tags?post=13708"}],"curies":[{"name":"wp","href":"https:\/\/api.w.org\/{rel}","templated":true}]}}