{"id":13839,"date":"2020-11-10T09:35:04","date_gmt":"2020-11-10T12:35:04","guid":{"rendered":"https:\/\/www.tunuyan.gov.ar\/site\/?p=13839"},"modified":"2020-11-10T09:35:08","modified_gmt":"2020-11-10T12:35:08","slug":"tunuyan-recibira-30-millones-para-mejorar-espacios-publicos","status":"publish","type":"post","link":"https:\/\/www.tunuyan.gov.ar\/site\/tunuyan-recibira-30-millones-para-mejorar-espacios-publicos\/","title":{"rendered":"Tunuy\u00e1n recibir\u00e1 30 millones para mejorar espacios p\u00fablicos"},"content":{"rendered":"\n<p>En las \u00faltimas horas el Intendente de Tunuy\u00e1n, Prof. Mart\u00edn Aveiro, firm\u00f3 un nuevo convenio con la Secretar\u00eda de Obras P\u00fablicas de la Naci\u00f3n, para la mejora de ciclov\u00edas y luminarias por un monto superior a los $30.000.000.<\/p>\n\n\n\n<p>En representaci\u00f3n del Gobierno Nacional, firm\u00f3 el convenio el secretario de Obras P\u00fablicas, Mart\u00edn Gil. Por parte del municipio, el Intendente Mart\u00edn Aveiro asumi\u00f3 el compromiso que servir\u00e1 para mejorar la seguridad de peatones, ciclistas y automovilistas que transitan por el departamento.<\/p>\n\n\n\n<p>Es importante considerar los beneficios que sugieren las ciclov\u00edas para toda la comunidad, no s\u00f3lo en lo que respecta a la seguridad de quienes las utilizan sino tambi\u00e9n para el ordenamiento vial. Son fundamentales para mejorar el tr\u00e1nsito, descongestionando las calles, dando la oportunidad de moverse de un lado a otro en un veh\u00edculo de manera m\u00e1s econ\u00f3mica y saludable.<\/p>\n\n\n\n<p>Desde el ejecutivo departamental se contin\u00faa trabajando en la generaci\u00f3n de oportunidades que impliquen mejoras y beneficios para el departamento, mediante un di\u00e1logo fluido con la Naci\u00f3n, destacando el siempre importante rol de la Senadora Nacional Anabel Fern\u00e1ndez Sagast\u00ed ante las gestiones que realiza la comuna.<\/p>\n","protected":false},"excerpt":{"rendered":"<p>En las \u00faltimas horas el Intendente de Tunuy\u00e1n, Prof. Mart\u00edn Aveiro, firm\u00f3 un nuevo convenio con la Secretar\u00eda de Obras P\u00fablicas de la Naci\u00f3n, para la mejora de ciclov\u00edas y luminarias por un monto superior a los $30.000.000. En representaci\u00f3n del Gobierno Nacional, firm\u00f3 el convenio el secretario de Obras P\u00fablicas, Mart\u00edn Gil. Por parte [&hellip;]<\/p>\n","protected":false},"author":4,"featured_media":13840,"comment_status":"open","ping_status":"closed","sticky":false,"template":"","format":"standard","meta":{"footnotes":""},"categories":[24],"tags":[],"class_list":["post-13839","post","type-post","status-publish","format-standard","has-post-thumbnail","hentry","category-noticias"],"_links":{"self":[{"href":"https:\/\/www.tunuyan.gov.ar\/site\/wp-json\/wp\/v2\/posts\/13839","targetHints":{"allow":["GET"]}}],"collection":[{"href":"https:\/\/www.tunuyan.gov.ar\/site\/wp-json\/wp\/v2\/posts"}],"about":[{"href":"https:\/\/www.tunuyan.gov.ar\/site\/wp-json\/wp\/v2\/types\/post"}],"author":[{"embeddable":true,"href":"https:\/\/www.tunuyan.gov.ar\/site\/wp-json\/wp\/v2\/users\/4"}],"replies":[{"embeddable":true,"href":"https:\/\/www.tunuyan.gov.ar\/site\/wp-json\/wp\/v2\/comments?post=13839"}],"version-history":[{"count":1,"href":"https:\/\/www.tunuyan.gov.ar\/site\/wp-json\/wp\/v2\/posts\/13839\/revisions"}],"predecessor-version":[{"id":13841,"href":"https:\/\/www.tunuyan.gov.ar\/site\/wp-json\/wp\/v2\/posts\/13839\/revisions\/13841"}],"wp:featuredmedia":[{"embeddable":true,"href":"https:\/\/www.tunuyan.gov.ar\/site\/wp-json\/wp\/v2\/media\/13840"}],"wp:attachment":[{"href":"https:\/\/www.tunuyan.gov.ar\/site\/wp-json\/wp\/v2\/media?parent=13839"}],"wp:term":[{"taxonomy":"category","embeddable":true,"href":"https:\/\/www.tunuyan.gov.ar\/site\/wp-json\/wp\/v2\/categories?post=13839"},{"taxonomy":"post_tag","embeddable":true,"href":"https:\/\/www.tunuyan.gov.ar\/site\/wp-json\/wp\/v2\/tags?post=13839"}],"curies":[{"name":"wp","href":"https:\/\/api.w.org\/{rel}","templated":true}]}}