{"id":14254,"date":"2021-02-17T11:32:02","date_gmt":"2021-02-17T14:32:02","guid":{"rendered":"https:\/\/www.tunuyan.gov.ar\/site\/?p=14254"},"modified":"2021-02-17T11:32:04","modified_gmt":"2021-02-17T14:32:04","slug":"inicia-un-nuevo-ciclo-del-programa-deportivo-recreativo-veni-a-tu-playon","status":"publish","type":"post","link":"https:\/\/www.tunuyan.gov.ar\/site\/inicia-un-nuevo-ciclo-del-programa-deportivo-recreativo-veni-a-tu-playon\/","title":{"rendered":"Inicia un nuevo ciclo del programa deportivo-recreativo \u201cVen\u00ed a tu play\u00f3n\u201d"},"content":{"rendered":"\n<p>Las actividades se desarrollar\u00e1n en 7 playones barriales, entre lunes y viernes, de 18 a 21hs. Por cuestiones preventivas, se solicita acercarse con tapabocas para formar parte de las propuestas.<\/p>\n\n\n\n<p>Este ser\u00e1 el tercer a\u00f1o consecutivo de este programa social, que tiene por objeto entretener y contener a ni\u00f1os y j\u00f3venes de distintos barrios de Tunuy\u00e1n, aprovechando la infraestructura deportiva con la que cuenta cada lugar.<\/p>\n\n\n\n<p>Agend\u00e1 d\u00eda y horario para acceder a este maravilloso programa:<\/p>\n\n\n\n<p><strong>Barrio Pircas 1<\/strong><\/p>\n\n\n\n<p>Martes, mi\u00e9rcoles y jueves<\/p>\n\n\n\n<p>De 18:30hs a 20:30hs.<\/p>\n\n\n\n<p><strong>Barrio San Antonio<\/strong><\/p>\n\n\n\n<p>Martes y jueves<\/p>\n\n\n\n<p>De 18hs a 20hs.<\/p>\n\n\n\n<p><strong>Barrio Los C\u00f3ndores<\/strong><\/p>\n\n\n\n<p>Martes, mi\u00e9rcoles y jueves<\/p>\n\n\n\n<p>De 18hs a 20hs.<\/p>\n\n\n\n<p><strong>Barrio Margarita Graciela<\/strong><\/p>\n\n\n\n<p>Lunes y mi\u00e9rcoles<\/p>\n\n\n\n<p>De 18:30hs a 20hs.<\/p>\n\n\n\n<p><strong>Barrio Pircas ll<\/strong><\/p>\n\n\n\n<p>Martes y jueves<\/p>\n\n\n\n<p>De 17:30hs a 19hs.<\/p>\n\n\n\n<p><strong>Barrio G\u00fcemes<\/strong><\/p>\n\n\n\n<p>Lunes, mi\u00e9rcoles y viernes<\/p>\n\n\n\n<p>De 19hs a 21hs.<\/p>\n\n\n\n<p><strong>Barrio Venezuela<\/strong><\/p>\n\n\n\n<p>Lunes, mi\u00e9rcoles y viernes<\/p>\n\n\n\n<p>De 18hs a 20hs.<\/p>\n","protected":false},"excerpt":{"rendered":"<p>Las actividades se desarrollar\u00e1n en 7 playones barriales, entre lunes y viernes, de 18 a 21hs. Por cuestiones preventivas, se solicita acercarse con tapabocas para formar parte de las propuestas. Este ser\u00e1 el tercer a\u00f1o consecutivo de este programa social, que tiene por objeto entretener y contener a ni\u00f1os y j\u00f3venes de distintos barrios de [&hellip;]<\/p>\n","protected":false},"author":4,"featured_media":14255,"comment_status":"open","ping_status":"closed","sticky":false,"template":"","format":"standard","meta":{"footnotes":""},"categories":[24],"tags":[],"class_list":["post-14254","post","type-post","status-publish","format-standard","has-post-thumbnail","hentry","category-noticias"],"_links":{"self":[{"href":"https:\/\/www.tunuyan.gov.ar\/site\/wp-json\/wp\/v2\/posts\/14254","targetHints":{"allow":["GET"]}}],"collection":[{"href":"https:\/\/www.tunuyan.gov.ar\/site\/wp-json\/wp\/v2\/posts"}],"about":[{"href":"https:\/\/www.tunuyan.gov.ar\/site\/wp-json\/wp\/v2\/types\/post"}],"author":[{"embeddable":true,"href":"https:\/\/www.tunuyan.gov.ar\/site\/wp-json\/wp\/v2\/users\/4"}],"replies":[{"embeddable":true,"href":"https:\/\/www.tunuyan.gov.ar\/site\/wp-json\/wp\/v2\/comments?post=14254"}],"version-history":[{"count":1,"href":"https:\/\/www.tunuyan.gov.ar\/site\/wp-json\/wp\/v2\/posts\/14254\/revisions"}],"predecessor-version":[{"id":14256,"href":"https:\/\/www.tunuyan.gov.ar\/site\/wp-json\/wp\/v2\/posts\/14254\/revisions\/14256"}],"wp:featuredmedia":[{"embeddable":true,"href":"https:\/\/www.tunuyan.gov.ar\/site\/wp-json\/wp\/v2\/media\/14255"}],"wp:attachment":[{"href":"https:\/\/www.tunuyan.gov.ar\/site\/wp-json\/wp\/v2\/media?parent=14254"}],"wp:term":[{"taxonomy":"category","embeddable":true,"href":"https:\/\/www.tunuyan.gov.ar\/site\/wp-json\/wp\/v2\/categories?post=14254"},{"taxonomy":"post_tag","embeddable":true,"href":"https:\/\/www.tunuyan.gov.ar\/site\/wp-json\/wp\/v2\/tags?post=14254"}],"curies":[{"name":"wp","href":"https:\/\/api.w.org\/{rel}","templated":true}]}}