{"id":15613,"date":"2021-10-07T10:05:19","date_gmt":"2021-10-07T13:05:19","guid":{"rendered":"https:\/\/www.tunuyan.gov.ar\/site\/?p=15613"},"modified":"2021-10-07T10:05:22","modified_gmt":"2021-10-07T13:05:22","slug":"con-importante-participacion-interinstitucional-se-realizo-el-segundo-encuentro-del-consejo-de-genero-y-diversidad","status":"publish","type":"post","link":"https:\/\/www.tunuyan.gov.ar\/site\/con-importante-participacion-interinstitucional-se-realizo-el-segundo-encuentro-del-consejo-de-genero-y-diversidad\/","title":{"rendered":"Con importante participaci\u00f3n interinstitucional se realiz\u00f3 el segundo encuentro del Consejo de G\u00e9nero y Diversidad"},"content":{"rendered":"\n<p>La Municipalidad de Tunuy\u00e1n como anfitriona &nbsp;llev\u00f3 a cabo el segundo encuentro del consejo de g\u00e9nero del &nbsp;Valle de Uco donde todas las instituciones encargadas de abordar la violencia hacia las mujeres se re\u00fanen para coordinar acciones conjuntas.<\/p>\n\n\n\n<p>Con un gran compromiso social y en busca de erradicar la re victimizaci\u00f3n de las mujeres que sufren violencia, m\u00e1s de 15 instituciones se re\u00fanen una vez al mes para concordar directivas que sirvan de puentes entre distintas organizaciones.<\/p>\n\n\n\n<div class=\"wp-block-image\"><figure class=\"aligncenter size-large\"><a href=\"https:\/\/www.tunuyan.gov.ar\/site\/wp-content\/uploads\/2021\/10\/WhatsApp-Image-2021-10-06-at-12.53.18.jpeg\"><img fetchpriority=\"high\" decoding=\"async\" width=\"1024\" height=\"682\" src=\"https:\/\/www.tunuyan.gov.ar\/site\/wp-content\/uploads\/2021\/10\/WhatsApp-Image-2021-10-06-at-12.53.18-1024x682.jpeg\" alt=\"\" class=\"wp-image-15615\" srcset=\"https:\/\/www.tunuyan.gov.ar\/site\/wp-content\/uploads\/2021\/10\/WhatsApp-Image-2021-10-06-at-12.53.18-1024x682.jpeg 1024w, https:\/\/www.tunuyan.gov.ar\/site\/wp-content\/uploads\/2021\/10\/WhatsApp-Image-2021-10-06-at-12.53.18-300x200.jpeg 300w, https:\/\/www.tunuyan.gov.ar\/site\/wp-content\/uploads\/2021\/10\/WhatsApp-Image-2021-10-06-at-12.53.18-768x512.jpeg 768w, https:\/\/www.tunuyan.gov.ar\/site\/wp-content\/uploads\/2021\/10\/WhatsApp-Image-2021-10-06-at-12.53.18-1080x720.jpeg 1080w, https:\/\/www.tunuyan.gov.ar\/site\/wp-content\/uploads\/2021\/10\/WhatsApp-Image-2021-10-06-at-12.53.18-980x653.jpeg 980w, https:\/\/www.tunuyan.gov.ar\/site\/wp-content\/uploads\/2021\/10\/WhatsApp-Image-2021-10-06-at-12.53.18-480x320.jpeg 480w, https:\/\/www.tunuyan.gov.ar\/site\/wp-content\/uploads\/2021\/10\/WhatsApp-Image-2021-10-06-at-12.53.18.jpeg 1280w\" sizes=\"(max-width: 1024px) 100vw, 1024px\" \/><\/a><\/figure><\/div>\n\n\n\n<p>Gabriela Graneros, Directora de Derechos Humanos de la comuna, agradeci\u00f3 la presencia de cada uno de los referentes presentes, resaltando la labor y el compromiso con el que se trabaja diariamente. &nbsp;\u201cproyectar, crear &nbsp;protocolos, capacitar y hacer un mejor trabajo a trav\u00e9s de la prevenci\u00f3n es nuestro gran objetivo\u201d.<\/p>\n\n\n\n\n\n<p>Alejandro Salinas, Comisario Inspector a cargo de la Jefatura Distrital del Valle de Uco, resalt\u00f3 el compromiso de los comisarios de los tres departamentos y la voluntad de capacitarse. Adem\u00e1s resalt\u00f3 el gran trabajo que se realiza desde el \u00c1rea de la mujer de la comuna donde inmediatamente detectado un caso de violencia se separa a la v\u00edctima de su hogar y se la recibe en esta instituci\u00f3n municipal.<\/p>\n\n\n\n<p>Emiliana Lilloy a cargo de la Direcci\u00f3n de la Mujer, G\u00e9neros y Diversidad de la Suprema Corte de Justicia de Mendoza&nbsp; se mostr\u00f3 entusiasmada con la participaci\u00f3n del encuentro y manifest\u00f3 que \u201cCada uno de los efectores que abordamos la violencia de g\u00e9nero presentamos nuestros recursos y nuestras actividades, de esta manera nos podemos conocer y generar confianza. Estamos tapando baches que muchas veces existen en la violencia de g\u00e9nero, y as\u00ed generamos puentes para que esto realmente funcione\u201d enfatiz\u00f3.&nbsp;<\/p>\n\n\n\n<p>Por su parte, El Doctor Fernando Ugarte, Juez Penal Colegiado de la 4\u00b0 Circunscripci\u00f3n Judicial, evalu\u00f3 como muy positivo este segundo encuentro donde particip\u00f3 personal del&nbsp; Juzgado de Familia, la Unidad Fiscal y Juzgado penal. Informando y limando formas de trabajo para que el trabajo de las instituciones sea m\u00e1s \u00e1gil, de forma m\u00e1s r\u00e1pida y as\u00ed poder obtener mejores resultados en conjunto.<\/p>\n","protected":false},"excerpt":{"rendered":"<p>La Municipalidad de Tunuy\u00e1n como anfitriona &nbsp;llev\u00f3 a cabo el segundo encuentro del consejo de g\u00e9nero del &nbsp;Valle de Uco donde todas las instituciones encargadas de abordar la violencia hacia las mujeres se re\u00fanen para coordinar acciones conjuntas. Con un gran compromiso social y en busca de erradicar la re victimizaci\u00f3n de las mujeres que [&hellip;]<\/p>\n","protected":false},"author":2,"featured_media":15614,"comment_status":"open","ping_status":"closed","sticky":false,"template":"","format":"standard","meta":{"footnotes":""},"categories":[24],"tags":[],"class_list":["post-15613","post","type-post","status-publish","format-standard","has-post-thumbnail","hentry","category-noticias"],"_links":{"self":[{"href":"https:\/\/www.tunuyan.gov.ar\/site\/wp-json\/wp\/v2\/posts\/15613","targetHints":{"allow":["GET"]}}],"collection":[{"href":"https:\/\/www.tunuyan.gov.ar\/site\/wp-json\/wp\/v2\/posts"}],"about":[{"href":"https:\/\/www.tunuyan.gov.ar\/site\/wp-json\/wp\/v2\/types\/post"}],"author":[{"embeddable":true,"href":"https:\/\/www.tunuyan.gov.ar\/site\/wp-json\/wp\/v2\/users\/2"}],"replies":[{"embeddable":true,"href":"https:\/\/www.tunuyan.gov.ar\/site\/wp-json\/wp\/v2\/comments?post=15613"}],"version-history":[{"count":2,"href":"https:\/\/www.tunuyan.gov.ar\/site\/wp-json\/wp\/v2\/posts\/15613\/revisions"}],"predecessor-version":[{"id":15617,"href":"https:\/\/www.tunuyan.gov.ar\/site\/wp-json\/wp\/v2\/posts\/15613\/revisions\/15617"}],"wp:featuredmedia":[{"embeddable":true,"href":"https:\/\/www.tunuyan.gov.ar\/site\/wp-json\/wp\/v2\/media\/15614"}],"wp:attachment":[{"href":"https:\/\/www.tunuyan.gov.ar\/site\/wp-json\/wp\/v2\/media?parent=15613"}],"wp:term":[{"taxonomy":"category","embeddable":true,"href":"https:\/\/www.tunuyan.gov.ar\/site\/wp-json\/wp\/v2\/categories?post=15613"},{"taxonomy":"post_tag","embeddable":true,"href":"https:\/\/www.tunuyan.gov.ar\/site\/wp-json\/wp\/v2\/tags?post=15613"}],"curies":[{"name":"wp","href":"https:\/\/api.w.org\/{rel}","templated":true}]}}