{"id":15893,"date":"2021-11-09T11:36:33","date_gmt":"2021-11-09T14:36:33","guid":{"rendered":"https:\/\/www.tunuyan.gov.ar\/site\/?p=15893"},"modified":"2021-11-09T11:36:35","modified_gmt":"2021-11-09T14:36:35","slug":"el-municipio-entregara-un-subsidio-y-un-espacio-fisico-a-la-cooperadora-del-hospital-scaravelli","status":"publish","type":"post","link":"https:\/\/www.tunuyan.gov.ar\/site\/el-municipio-entregara-un-subsidio-y-un-espacio-fisico-a-la-cooperadora-del-hospital-scaravelli\/","title":{"rendered":"El Municipio entregar\u00e1 un subsidio y un espacio f\u00edsico a la Cooperadora del Hospital Scaravelli"},"content":{"rendered":"\n<p>La Municipalidad de Tunuy\u00e1n sigue fortaleciendo lazos con la Cooperativa del Hospital Regional Antonio J. Scaravelli. As\u00ed, a trav\u00e9s de la gesti\u00f3n del Intendente Mart\u00edn Aveiro, se logr\u00f3 gestionar un subsidio por m\u00e1s de 2 millones de pesos y la firma de un convenio para que la organizaci\u00f3n pueda hacer uso de un espacio f\u00edsico con fines administrativos en un local comercial dentro de la Terminal de Tunuy\u00e1n.<\/p>\n\n\n\n<p>Desde hace un tiempo las mujeres que integran la comisi\u00f3n directiva de la Cooperativa del Hospital Regional Antonio J. Scaravelli se encontraban a la deriva sin poder establecerse f\u00edsicamente.<\/p>\n\n\n\n<p>Gracias al incansable trabajo de la gesti\u00f3n municipal, a trav\u00e9s de Mar\u00edn Aveiro y Elcira Schiappa, Directora de Relaciones Institucionales de la comuna, se les dio la feliz noticia de que a partir de la semana pr\u00f3xima esta instituci\u00f3n tendr\u00e1 un lugar propio para poder desarrollar sus actividades.<\/p>\n\n\n\n<p>El Jefe comunal explic\u00f3 que esta es una manera de reconocer la gran labor que lleva adelante esta instituci\u00f3n donde d\u00eda a d\u00eda abordan problem\u00e1ticas que afectan a todos los vecinos de nuestro departamento.<\/p>\n\n\n\n<p>Por su parte Mirta Salinas, Presidente de la Cooperadora del Hospital Regional Antonio J. Scaravelli expres\u00f3 que para ellas esta noticia es un regalo que les llega a trav\u00e9s del Intendente. \u201c Nos hac\u00eda falta un lugar para poder organizarnos administrativamente, ya que somos todas mujeres mayores y trabajamos hace 18 a\u00f1os. Hacemos muchos esfuerzo para poder estar al servicio de la comunidad. enfatiz\u00f3\u201d<\/p>\n\n\n\n<p>Bajo el lema \u00abtodos juntos podemos\u00bb agradeci\u00f3 la gran ayuda recibida por la comuna donde adem\u00e1s del espacio f\u00edsico recibido cuentan con un subsidio de $2.000.000 entregados por el Gobierno Nacional. Con el que van a poder comprar colchones, frazadas, s\u00e1banas y sillas. Todas necesidades del hospital para poder atravesar una nueva ola de pandemia.<\/p>\n\n\n\n<p>\u201cVamos a cuidar este lugar que ya lo sentimos como un pedacito nuestro. Estar\u00e1 destinado exclusivamente al bienestar del paciente. Nuestro Hospital y sus empleados est\u00e1n muy desgastados por el arduo trabajo que han realizado durante este tiempo de pandemia y cada ayuda recibida es un premio a su esfuerzo\u201d concluy\u00f3 emocionada Mirta Salinas.<\/p>\n","protected":false},"excerpt":{"rendered":"<p>La Municipalidad de Tunuy\u00e1n sigue fortaleciendo lazos con la Cooperativa del Hospital Regional Antonio J. Scaravelli. As\u00ed, a trav\u00e9s de la gesti\u00f3n del Intendente Mart\u00edn Aveiro, se logr\u00f3 gestionar un subsidio por m\u00e1s de 2 millones de pesos y la firma de un convenio para que la organizaci\u00f3n pueda hacer uso de un espacio f\u00edsico [&hellip;]<\/p>\n","protected":false},"author":2,"featured_media":15910,"comment_status":"open","ping_status":"closed","sticky":false,"template":"","format":"standard","meta":{"footnotes":""},"categories":[24],"tags":[],"class_list":["post-15893","post","type-post","status-publish","format-standard","has-post-thumbnail","hentry","category-noticias"],"_links":{"self":[{"href":"https:\/\/www.tunuyan.gov.ar\/site\/wp-json\/wp\/v2\/posts\/15893","targetHints":{"allow":["GET"]}}],"collection":[{"href":"https:\/\/www.tunuyan.gov.ar\/site\/wp-json\/wp\/v2\/posts"}],"about":[{"href":"https:\/\/www.tunuyan.gov.ar\/site\/wp-json\/wp\/v2\/types\/post"}],"author":[{"embeddable":true,"href":"https:\/\/www.tunuyan.gov.ar\/site\/wp-json\/wp\/v2\/users\/2"}],"replies":[{"embeddable":true,"href":"https:\/\/www.tunuyan.gov.ar\/site\/wp-json\/wp\/v2\/comments?post=15893"}],"version-history":[{"count":1,"href":"https:\/\/www.tunuyan.gov.ar\/site\/wp-json\/wp\/v2\/posts\/15893\/revisions"}],"predecessor-version":[{"id":15897,"href":"https:\/\/www.tunuyan.gov.ar\/site\/wp-json\/wp\/v2\/posts\/15893\/revisions\/15897"}],"wp:featuredmedia":[{"embeddable":true,"href":"https:\/\/www.tunuyan.gov.ar\/site\/wp-json\/wp\/v2\/media\/15910"}],"wp:attachment":[{"href":"https:\/\/www.tunuyan.gov.ar\/site\/wp-json\/wp\/v2\/media?parent=15893"}],"wp:term":[{"taxonomy":"category","embeddable":true,"href":"https:\/\/www.tunuyan.gov.ar\/site\/wp-json\/wp\/v2\/categories?post=15893"},{"taxonomy":"post_tag","embeddable":true,"href":"https:\/\/www.tunuyan.gov.ar\/site\/wp-json\/wp\/v2\/tags?post=15893"}],"curies":[{"name":"wp","href":"https:\/\/api.w.org\/{rel}","templated":true}]}}