{"id":16322,"date":"2021-12-20T10:40:40","date_gmt":"2021-12-20T13:40:40","guid":{"rendered":"https:\/\/www.tunuyan.gov.ar\/site\/?p=16322"},"modified":"2021-12-20T10:46:15","modified_gmt":"2021-12-20T13:46:15","slug":"lautaro-penalver-se-quedo-con-la-victoria-en-tunuyan","status":"publish","type":"post","link":"https:\/\/www.tunuyan.gov.ar\/site\/lautaro-penalver-se-quedo-con-la-victoria-en-tunuyan\/","title":{"rendered":"Lautaro Pe\u00f1alver se qued\u00f3 con la victoria en Tunuy\u00e1n"},"content":{"rendered":"\n<p>La \u201cCopa Ciudad de Tunuy\u00e1n\u201d fue sede de la 6ta fecha del Campeonato Mendocino de Ruta. Fue la 3ra edici\u00f3n de esta copa que, a\u00f1o tras a\u00f1o, se pone m\u00e1s atractiva. Tob\u00edas Altamirano, del Team Tunuy\u00e1n, se ubic\u00f3 en la 4ta posici\u00f3n.<\/p>\n\n\n\n<figure class=\"wp-block-image size-large\"><a href=\"https:\/\/www.tunuyan.gov.ar\/site\/wp-content\/uploads\/2021\/12\/WhatsApp-Image-2021-12-20-at-10.23.05.jpeg\"><img fetchpriority=\"high\" decoding=\"async\" width=\"1024\" height=\"682\" src=\"https:\/\/www.tunuyan.gov.ar\/site\/wp-content\/uploads\/2021\/12\/WhatsApp-Image-2021-12-20-at-10.23.05-1024x682.jpeg\" alt=\"\" class=\"wp-image-16324\" srcset=\"https:\/\/www.tunuyan.gov.ar\/site\/wp-content\/uploads\/2021\/12\/WhatsApp-Image-2021-12-20-at-10.23.05-1024x682.jpeg 1024w, https:\/\/www.tunuyan.gov.ar\/site\/wp-content\/uploads\/2021\/12\/WhatsApp-Image-2021-12-20-at-10.23.05-300x200.jpeg 300w, https:\/\/www.tunuyan.gov.ar\/site\/wp-content\/uploads\/2021\/12\/WhatsApp-Image-2021-12-20-at-10.23.05-768x512.jpeg 768w, https:\/\/www.tunuyan.gov.ar\/site\/wp-content\/uploads\/2021\/12\/WhatsApp-Image-2021-12-20-at-10.23.05-1080x720.jpeg 1080w, https:\/\/www.tunuyan.gov.ar\/site\/wp-content\/uploads\/2021\/12\/WhatsApp-Image-2021-12-20-at-10.23.05-980x653.jpeg 980w, https:\/\/www.tunuyan.gov.ar\/site\/wp-content\/uploads\/2021\/12\/WhatsApp-Image-2021-12-20-at-10.23.05-480x320.jpeg 480w, https:\/\/www.tunuyan.gov.ar\/site\/wp-content\/uploads\/2021\/12\/WhatsApp-Image-2021-12-20-at-10.23.05.jpeg 1280w\" sizes=\"(max-width: 1024px) 100vw, 1024px\" \/><\/a><\/figure>\n\n\n\n<p>Un nutrido grupo de pedalistas se dieron cita en Tunuy\u00e1n para participar de una de las carreras m\u00e1s importantes de la temporada. 142 kil\u00f3metros de recorrido, m\u00e1s de 3 horas de extrema exigencia y un vencedor que se repite: Lautaro Pe\u00f1alver.<\/p>\n\n\n\n<p>Entre los equipos participantes, estuvo \u201cMunicipalidad de Tunuy\u00e1n\u201d, que se prepara para lo que ser\u00e1 una nueva edici\u00f3n de la Vuelta Ciclista de Mendoza, a disputarse en el mes de febrero. El intendente, Mart\u00edn Aveiro, presente en la carrera, destac\u00f3 \u201cel trabajo que viene realizando el equip<strong>o\u201d y <\/strong>augur\u00f3 \u201cmuy buenos resultados de cara al futuro\u201d.<\/p>\n\n\n\n<figure class=\"wp-block-image size-large\"><a href=\"https:\/\/www.tunuyan.gov.ar\/site\/wp-content\/uploads\/2021\/12\/WhatsApp-Image-2021-12-20-at-10.22.07.jpeg\"><img decoding=\"async\" width=\"1024\" height=\"701\" src=\"https:\/\/www.tunuyan.gov.ar\/site\/wp-content\/uploads\/2021\/12\/WhatsApp-Image-2021-12-20-at-10.22.07-1024x701.jpeg\" alt=\"\" class=\"wp-image-16326\" srcset=\"https:\/\/www.tunuyan.gov.ar\/site\/wp-content\/uploads\/2021\/12\/WhatsApp-Image-2021-12-20-at-10.22.07-1024x701.jpeg 1024w, https:\/\/www.tunuyan.gov.ar\/site\/wp-content\/uploads\/2021\/12\/WhatsApp-Image-2021-12-20-at-10.22.07-300x205.jpeg 300w, https:\/\/www.tunuyan.gov.ar\/site\/wp-content\/uploads\/2021\/12\/WhatsApp-Image-2021-12-20-at-10.22.07-768x526.jpeg 768w, https:\/\/www.tunuyan.gov.ar\/site\/wp-content\/uploads\/2021\/12\/WhatsApp-Image-2021-12-20-at-10.22.07-1080x739.jpeg 1080w, https:\/\/www.tunuyan.gov.ar\/site\/wp-content\/uploads\/2021\/12\/WhatsApp-Image-2021-12-20-at-10.22.07-980x671.jpeg 980w, https:\/\/www.tunuyan.gov.ar\/site\/wp-content\/uploads\/2021\/12\/WhatsApp-Image-2021-12-20-at-10.22.07-480x329.jpeg 480w, https:\/\/www.tunuyan.gov.ar\/site\/wp-content\/uploads\/2021\/12\/WhatsApp-Image-2021-12-20-at-10.22.07.jpeg 1280w\" sizes=\"(max-width: 1024px) 100vw, 1024px\" \/><\/a><\/figure>\n\n\n\n<p><strong>Clasificaci\u00f3n \u00c9lite, Sub 23 y Junior:<\/strong><br>1. Lautaro Pe\u00f1alver (Fas Electricidad-Maderera L\u00f3pez)<br>2. Emanuel Mart\u00ednez (Municipalidad de Las Heras)<br>3. Santiago Rodr\u00edguez (Godoy Cruz-Jam Rod)<br>4.  Tob\u00edas Altamirano (Municipalidad de Tunuy\u00e1n)<br>5.   Tom\u00e1s Moya (Municipalidad de Malarg\u00fce)<br>6. Miguel Nebot (Municipalidad de Tupungato)<br>7. Diego Yanz\u00f3n (MyG Servicios Petroleros)<br>8. Mauro Rodr\u00edguez (Godoy Cruz-Jam Rod)<br>9. Mario Ovejero (Municipalidad de San Carlos)<br>10. Germ\u00e1n Mu\u00f1oz (Individual)<\/p>\n\n\n\n<p><strong>Clasificaci\u00f3n Damas:<\/strong><br>1. Caterine Priviley (Ladies Power)<br>2. Antonella N\u00fa\u00f1ez<br>3. Yamila Palacios (D\u2019Amico Cycling)<\/p>\n\n\n\n<p><strong>Clasificaci\u00f3n M\u00e1ster:<\/strong><strong><br><\/strong>1.Daniel Zumer (Lobito Brizuela Cycling-Catering Grilli)<br>2. Pablo Jaliff (Siriux Internet)<br>3. Mart\u00edn Grilli (Lobito Brizuela Cycling-Catering Grilli)<\/p>\n\n\n\n<p><strong>Juveniles:<\/strong><br>1. Joaqu\u00edn Fern\u00e1ndez (Academia Juvenil de Guaymall\u00e9n)<br>2. Facundo Ambrossi (MyG Servicios Petroleros)<br>3. Santiago Lespina (Academia Juvenil de Guaymall\u00e9n)<\/p>\n","protected":false},"excerpt":{"rendered":"<p>La \u201cCopa Ciudad de Tunuy\u00e1n\u201d fue sede de la 6ta fecha del Campeonato Mendocino de Ruta. Fue la 3ra edici\u00f3n de esta copa que, a\u00f1o tras a\u00f1o, se pone m\u00e1s atractiva. Tob\u00edas Altamirano, del Team Tunuy\u00e1n, se ubic\u00f3 en la 4ta posici\u00f3n. Un nutrido grupo de pedalistas se dieron cita en Tunuy\u00e1n para participar de [&hellip;]<\/p>\n","protected":false},"author":4,"featured_media":16327,"comment_status":"open","ping_status":"closed","sticky":false,"template":"","format":"standard","meta":{"footnotes":""},"categories":[24],"tags":[],"class_list":["post-16322","post","type-post","status-publish","format-standard","has-post-thumbnail","hentry","category-noticias"],"_links":{"self":[{"href":"https:\/\/www.tunuyan.gov.ar\/site\/wp-json\/wp\/v2\/posts\/16322","targetHints":{"allow":["GET"]}}],"collection":[{"href":"https:\/\/www.tunuyan.gov.ar\/site\/wp-json\/wp\/v2\/posts"}],"about":[{"href":"https:\/\/www.tunuyan.gov.ar\/site\/wp-json\/wp\/v2\/types\/post"}],"author":[{"embeddable":true,"href":"https:\/\/www.tunuyan.gov.ar\/site\/wp-json\/wp\/v2\/users\/4"}],"replies":[{"embeddable":true,"href":"https:\/\/www.tunuyan.gov.ar\/site\/wp-json\/wp\/v2\/comments?post=16322"}],"version-history":[{"count":2,"href":"https:\/\/www.tunuyan.gov.ar\/site\/wp-json\/wp\/v2\/posts\/16322\/revisions"}],"predecessor-version":[{"id":16329,"href":"https:\/\/www.tunuyan.gov.ar\/site\/wp-json\/wp\/v2\/posts\/16322\/revisions\/16329"}],"wp:featuredmedia":[{"embeddable":true,"href":"https:\/\/www.tunuyan.gov.ar\/site\/wp-json\/wp\/v2\/media\/16327"}],"wp:attachment":[{"href":"https:\/\/www.tunuyan.gov.ar\/site\/wp-json\/wp\/v2\/media?parent=16322"}],"wp:term":[{"taxonomy":"category","embeddable":true,"href":"https:\/\/www.tunuyan.gov.ar\/site\/wp-json\/wp\/v2\/categories?post=16322"},{"taxonomy":"post_tag","embeddable":true,"href":"https:\/\/www.tunuyan.gov.ar\/site\/wp-json\/wp\/v2\/tags?post=16322"}],"curies":[{"name":"wp","href":"https:\/\/api.w.org\/{rel}","templated":true}]}}