{"id":16991,"date":"2022-05-04T11:29:10","date_gmt":"2022-05-04T14:29:10","guid":{"rendered":"https:\/\/www.tunuyan.gov.ar\/site\/?p=16991"},"modified":"2022-05-04T11:29:18","modified_gmt":"2022-05-04T14:29:18","slug":"el-reconocido-musico-nacional-nito-mestre-llega-este-sabado-a-tunuyan","status":"publish","type":"post","link":"https:\/\/www.tunuyan.gov.ar\/site\/el-reconocido-musico-nacional-nito-mestre-llega-este-sabado-a-tunuyan\/","title":{"rendered":"El reconocido m\u00fasico nacional \u201cNito Mestre\u201d llega este s\u00e1bado a Tunuy\u00e1n"},"content":{"rendered":"\n<p>Con gran expectativa el pr\u00f3ximo s\u00e1bado llega al Auditorio Municipal de Tunuy\u00e1n Nito Mestre, quien presentar\u00e1 frente al p\u00fablico valletano su nueva gira \u201cmi vida en canciones\u201d.<\/p>\n\n\n\n<p>Despu\u00e9s que haber estado un tiempo alejado de los escenarios debido a la pandemia, Nito Mestre presentar\u00e1 su nuevo show donde por primera vez en su carrera recorrer\u00e1 su historia musical a trav\u00e9s de grandes \u00e9xitos.<\/p>\n\n\n\n<p>A las 22 horas el Auditorio Municipal de Tunuy\u00e1n abrir\u00e1 sus puertas para embarcar al p\u00fablico en un mar de canciones que hicieron historia en el rock argentino. &nbsp;Las entradas ya est\u00e1n a la venta y se pueden adquirir en la boleter\u00eda del auditorio o en www.entradaweb.com.ar.<\/p>\n\n\n\n<p>Nito Mestre se inici\u00f3 en la m\u00fasica junto a Charly Garc\u00eda formando el ic\u00f3nico d\u00fao Sui Generis que sin dudas marc\u00f3 un hito en la m\u00fasica popular de habla hispana. Con ocho discos editados &nbsp;e infinidad de shows en vivo, Nito se convirti\u00f3 en una estrella y referencia musical.&nbsp;<\/p>\n\n\n\n<p>A partir del a\u00f1o 1981 el artista inici\u00f3 su carrera solista, donde se concentra en la composici\u00f3n y escritura, simplemente rasgueando su guitarra o tocando el piano, enfoc\u00e1ndose en recorrer el misterio de la inspiraci\u00f3n y volcando la misma en canciones argumentales que provengan de la vida y de lo que experimenta y observa.<\/p>\n\n\n\n<p>Durante tres horas, uno de los mejores m\u00fasicos que nos ha regalado nuestro pa\u00eds interpretar\u00e1 los \u00e9xitos de toda su historia con su caracter\u00edstico c\u00e1lido tono de voz. Como lo presenta el t\u00edtulo del show, Nito Mestre invita a los vecinos de Tunuy\u00e1n a recorrer todas las emociones vividas en sus propias vidas.<\/p>\n","protected":false},"excerpt":{"rendered":"<p>Con gran expectativa el pr\u00f3ximo s\u00e1bado llega al Auditorio Municipal de Tunuy\u00e1n Nito Mestre, quien presentar\u00e1 frente al p\u00fablico valletano su nueva gira \u201cmi vida en canciones\u201d. Despu\u00e9s que haber estado un tiempo alejado de los escenarios debido a la pandemia, Nito Mestre presentar\u00e1 su nuevo show donde por primera vez en su carrera recorrer\u00e1 [&hellip;]<\/p>\n","protected":false},"author":2,"featured_media":16992,"comment_status":"open","ping_status":"closed","sticky":false,"template":"","format":"standard","meta":{"footnotes":""},"categories":[24],"tags":[],"class_list":["post-16991","post","type-post","status-publish","format-standard","has-post-thumbnail","hentry","category-noticias"],"_links":{"self":[{"href":"https:\/\/www.tunuyan.gov.ar\/site\/wp-json\/wp\/v2\/posts\/16991","targetHints":{"allow":["GET"]}}],"collection":[{"href":"https:\/\/www.tunuyan.gov.ar\/site\/wp-json\/wp\/v2\/posts"}],"about":[{"href":"https:\/\/www.tunuyan.gov.ar\/site\/wp-json\/wp\/v2\/types\/post"}],"author":[{"embeddable":true,"href":"https:\/\/www.tunuyan.gov.ar\/site\/wp-json\/wp\/v2\/users\/2"}],"replies":[{"embeddable":true,"href":"https:\/\/www.tunuyan.gov.ar\/site\/wp-json\/wp\/v2\/comments?post=16991"}],"version-history":[{"count":1,"href":"https:\/\/www.tunuyan.gov.ar\/site\/wp-json\/wp\/v2\/posts\/16991\/revisions"}],"predecessor-version":[{"id":16993,"href":"https:\/\/www.tunuyan.gov.ar\/site\/wp-json\/wp\/v2\/posts\/16991\/revisions\/16993"}],"wp:featuredmedia":[{"embeddable":true,"href":"https:\/\/www.tunuyan.gov.ar\/site\/wp-json\/wp\/v2\/media\/16992"}],"wp:attachment":[{"href":"https:\/\/www.tunuyan.gov.ar\/site\/wp-json\/wp\/v2\/media?parent=16991"}],"wp:term":[{"taxonomy":"category","embeddable":true,"href":"https:\/\/www.tunuyan.gov.ar\/site\/wp-json\/wp\/v2\/categories?post=16991"},{"taxonomy":"post_tag","embeddable":true,"href":"https:\/\/www.tunuyan.gov.ar\/site\/wp-json\/wp\/v2\/tags?post=16991"}],"curies":[{"name":"wp","href":"https:\/\/api.w.org\/{rel}","templated":true}]}}