{"id":17439,"date":"2022-07-21T11:12:30","date_gmt":"2022-07-21T14:12:30","guid":{"rendered":"https:\/\/www.tunuyan.gov.ar\/site\/?p=17439"},"modified":"2022-07-21T11:22:17","modified_gmt":"2022-07-21T14:22:17","slug":"con-una-fuerte-campana-contra-el-bullying-tunuyan-celebro-el-dia-de-la-amistad","status":"publish","type":"post","link":"https:\/\/www.tunuyan.gov.ar\/site\/con-una-fuerte-campana-contra-el-bullying-tunuyan-celebro-el-dia-de-la-amistad\/","title":{"rendered":"Con una fuerte campa\u00f1a contra el bullying Tunuy\u00e1n celebr\u00f3 el d\u00eda de la amistad"},"content":{"rendered":"\n<p>Durante la tarde de ayer, j\u00f3venes y adolescentes se reunieron en la Plaza Departamental de Tunuy\u00e1n bajo el programa \u201cTunuy\u00e1n Previene\u201d para celebrar el d\u00eda de la amistad y &nbsp;concientizar sobre el bullying y las distintas formas de superarlo. &nbsp;&nbsp;<\/p>\n\n\n\n<p>Bandas en vivo y free style coparon la tarde del 20 de julio donde diferentes grupitos de amigos bailaron con Ezequiel de Barrio y Jerem\u00edas Leyes. El reconocido muralista \u201cRecnebulus\u201d intervino en vivo un gran mural con la tem\u00e1tica propuesta que luego ser\u00e1 colocado en el ingreso al Polideportivo central para generar conciencia entre los miles de ni\u00f1os y adolescentes que asisten diariamente a realizar actividades deportivas y recreativas. &nbsp;<\/p>\n\n\n\n<p>Una de las actividades m\u00e1s aplaudidas durante la jornada fue una radio abierta que incluy\u00f3 sentidos testimonios de los presentes, quienes contaron su experiencia frente al bullying y la forma en que pudieron superarlo a trav\u00e9s del arte y la m\u00fasica, siempre acompa\u00f1ados de sus familias y amigos.<\/p>\n\n\n\n<p>Anabella Perell\u00f3, Psic\u00f3loga y Concejal de Tunuy\u00e1n se mostr\u00f3 visiblemente emocionada frente a la gran convocatoria lograda con dicha actividad. \u201cVivimos el d\u00eda de la amistad de una forma diferente, haciendo p\u00fablica una tem\u00e1tica que afecta a muchos de nuestros j\u00f3venes y que requiere de una red de contenci\u00f3n estatal para poder tratarla y superarla\u201d confirm\u00f3.<\/p>\n\n\n\n<p>El bullying o acoso es la agresi\u00f3n para ejercer poder sobre otra persona, son amenazas hostiles, f\u00edsicas o verbales que se repiten, angustiando a la v\u00edctima y estableciendo un desequilibrio de poder entre ella y su acosador.<\/p>\n\n\n\n<p>A trav\u00e9s de un proyecto de ordenanza, se crea la \u00abRed Miceliar\u201d orientada a la prevenci\u00f3n de problem\u00e1ticas adolescentes a trav\u00e9s de informaci\u00f3n y acompa\u00f1amiento a las familias. Esta red es un grupo de voluntarios que se re\u00fane todos los viernes a las 15:00hs en CIC de calle la Argentina y Guisasola. Cabe destacar que no es un grupo de terapia sino un espacio abierto para llevar experiencias y a trav\u00e9s de ellas crear y organizar actividades para combatir distintas problem\u00e1ticas.<\/p>\n","protected":false},"excerpt":{"rendered":"<p>Durante la tarde de ayer, j\u00f3venes y adolescentes se reunieron en la Plaza Departamental de Tunuy\u00e1n bajo el programa \u201cTunuy\u00e1n Previene\u201d para celebrar el d\u00eda de la amistad y &nbsp;concientizar sobre el bullying y las distintas formas de superarlo. &nbsp;&nbsp; Bandas en vivo y free style coparon la tarde del 20 de julio donde diferentes [&hellip;]<\/p>\n","protected":false},"author":2,"featured_media":17442,"comment_status":"open","ping_status":"closed","sticky":false,"template":"","format":"standard","meta":{"footnotes":""},"categories":[24],"tags":[],"class_list":["post-17439","post","type-post","status-publish","format-standard","has-post-thumbnail","hentry","category-noticias"],"_links":{"self":[{"href":"https:\/\/www.tunuyan.gov.ar\/site\/wp-json\/wp\/v2\/posts\/17439","targetHints":{"allow":["GET"]}}],"collection":[{"href":"https:\/\/www.tunuyan.gov.ar\/site\/wp-json\/wp\/v2\/posts"}],"about":[{"href":"https:\/\/www.tunuyan.gov.ar\/site\/wp-json\/wp\/v2\/types\/post"}],"author":[{"embeddable":true,"href":"https:\/\/www.tunuyan.gov.ar\/site\/wp-json\/wp\/v2\/users\/2"}],"replies":[{"embeddable":true,"href":"https:\/\/www.tunuyan.gov.ar\/site\/wp-json\/wp\/v2\/comments?post=17439"}],"version-history":[{"count":1,"href":"https:\/\/www.tunuyan.gov.ar\/site\/wp-json\/wp\/v2\/posts\/17439\/revisions"}],"predecessor-version":[{"id":17441,"href":"https:\/\/www.tunuyan.gov.ar\/site\/wp-json\/wp\/v2\/posts\/17439\/revisions\/17441"}],"wp:featuredmedia":[{"embeddable":true,"href":"https:\/\/www.tunuyan.gov.ar\/site\/wp-json\/wp\/v2\/media\/17442"}],"wp:attachment":[{"href":"https:\/\/www.tunuyan.gov.ar\/site\/wp-json\/wp\/v2\/media?parent=17439"}],"wp:term":[{"taxonomy":"category","embeddable":true,"href":"https:\/\/www.tunuyan.gov.ar\/site\/wp-json\/wp\/v2\/categories?post=17439"},{"taxonomy":"post_tag","embeddable":true,"href":"https:\/\/www.tunuyan.gov.ar\/site\/wp-json\/wp\/v2\/tags?post=17439"}],"curies":[{"name":"wp","href":"https:\/\/api.w.org\/{rel}","templated":true}]}}