{"id":18051,"date":"2022-10-14T11:13:52","date_gmt":"2022-10-14T14:13:52","guid":{"rendered":"https:\/\/www.tunuyan.gov.ar\/site\/?p=18051"},"modified":"2022-10-14T11:14:00","modified_gmt":"2022-10-14T14:14:00","slug":"el-pequeno-ian-moche-llega-a-tunuyan-para-contar-su-historia-en-busca-de-un-mundo-mas-inclusivo","status":"publish","type":"post","link":"https:\/\/www.tunuyan.gov.ar\/site\/el-pequeno-ian-moche-llega-a-tunuyan-para-contar-su-historia-en-busca-de-un-mundo-mas-inclusivo\/","title":{"rendered":"El peque\u00f1o Ian Moche llega a Tunuy\u00e1n para contar su historia en busca de un mundo m\u00e1s inclusivo"},"content":{"rendered":"\n<p><strong>Invitado por la Municipalidad de Tunuy\u00e1n el influencer que ense\u00f1a su condici\u00f3n a trav\u00e9s de videos informativos en las redes sociales, llegar\u00e1 al Auditorio Municipal de Tunuy\u00e1n para regalarnos una experiencia \u00fanica que habla de amor, paciencia e inclusi\u00f3n.<\/strong><\/p>\n\n\n\n<p>Ian Moche y su mam\u00e1, Marlene Spesso llevar\u00e1n al frente la charla \u201cHablemos de Autismo y Neurodiversidad\u201d acompa\u00f1ados por la Psic\u00f3loga Anabella Perell\u00f3, Concejal de Tunuy\u00e1n y creadora de la Red Miceliar, una herramienta de acompa\u00f1amiento y contenci\u00f3n para familias del departamento.<\/p>\n\n\n\n<p><em>A las 9:30 horas del s\u00e1bado, el Auditorio Municipal Jorge Ra\u00fal Silvano<\/em> recibir\u00e1 de forma libre y gratuita a todos los que quieran conocer una historia de vida superadora que promete ense\u00f1arnos una \u00f3ptica distinta sobre c\u00f3mo abordar el espectro autista y la neurodiversidad.<\/p>\n\n\n\n<p>El peque\u00f1o Ian tiene 9 a\u00f1os, es&nbsp;<em><strong><a href=\"https:\/\/instagram.com\/ianmoche?igshid=YmMyMTA2M2Y=\">Instagramer<\/a><\/strong><\/em>&nbsp;y a trav\u00e9s de sus redes ense\u00f1a de qu\u00e9 se trata el trastorno que padece, c\u00f3mo es vivir con \u00e9l y tambi\u00e9n lucha por su sue\u00f1o: un mundo m\u00e1s inclusivo. Gracias a sus recientes entrevistas en televisi\u00f3n y radio, Ian ha logrado un reconocimiento de alcance nacional, lo que a su vez le ha permitido crecer en sus redes sociales; actualmente tiene 107 mil seguidores.<\/p>\n\n\n\n<p>Marlene Florencia ha sido la vocera de contar su historia y la de su hijo. Invitados por la comuna llegar\u00e1n a Tunuy\u00e1n en esta ocasi\u00f3n \u00a0para brindar una charla concientizadora sobre autismo.  <\/p>\n","protected":false},"excerpt":{"rendered":"<p>Hablemos de Autismo <\/p>\n","protected":false},"author":2,"featured_media":18052,"comment_status":"open","ping_status":"closed","sticky":false,"template":"","format":"standard","meta":{"footnotes":""},"categories":[24],"tags":[],"class_list":["post-18051","post","type-post","status-publish","format-standard","has-post-thumbnail","hentry","category-noticias"],"_links":{"self":[{"href":"https:\/\/www.tunuyan.gov.ar\/site\/wp-json\/wp\/v2\/posts\/18051","targetHints":{"allow":["GET"]}}],"collection":[{"href":"https:\/\/www.tunuyan.gov.ar\/site\/wp-json\/wp\/v2\/posts"}],"about":[{"href":"https:\/\/www.tunuyan.gov.ar\/site\/wp-json\/wp\/v2\/types\/post"}],"author":[{"embeddable":true,"href":"https:\/\/www.tunuyan.gov.ar\/site\/wp-json\/wp\/v2\/users\/2"}],"replies":[{"embeddable":true,"href":"https:\/\/www.tunuyan.gov.ar\/site\/wp-json\/wp\/v2\/comments?post=18051"}],"version-history":[{"count":1,"href":"https:\/\/www.tunuyan.gov.ar\/site\/wp-json\/wp\/v2\/posts\/18051\/revisions"}],"predecessor-version":[{"id":18053,"href":"https:\/\/www.tunuyan.gov.ar\/site\/wp-json\/wp\/v2\/posts\/18051\/revisions\/18053"}],"wp:featuredmedia":[{"embeddable":true,"href":"https:\/\/www.tunuyan.gov.ar\/site\/wp-json\/wp\/v2\/media\/18052"}],"wp:attachment":[{"href":"https:\/\/www.tunuyan.gov.ar\/site\/wp-json\/wp\/v2\/media?parent=18051"}],"wp:term":[{"taxonomy":"category","embeddable":true,"href":"https:\/\/www.tunuyan.gov.ar\/site\/wp-json\/wp\/v2\/categories?post=18051"},{"taxonomy":"post_tag","embeddable":true,"href":"https:\/\/www.tunuyan.gov.ar\/site\/wp-json\/wp\/v2\/tags?post=18051"}],"curies":[{"name":"wp","href":"https:\/\/api.w.org\/{rel}","templated":true}]}}