{"id":18189,"date":"2022-11-18T13:15:44","date_gmt":"2022-11-18T16:15:44","guid":{"rendered":"https:\/\/www.tunuyan.gov.ar\/site\/?p=18189"},"modified":"2022-11-18T13:15:52","modified_gmt":"2022-11-18T16:15:52","slug":"jardin-maternal-acuarela-25-anos-al-servicio-de-la-comunidad-de-los-sauces","status":"publish","type":"post","link":"https:\/\/www.tunuyan.gov.ar\/site\/jardin-maternal-acuarela-25-anos-al-servicio-de-la-comunidad-de-los-sauces\/","title":{"rendered":"Jard\u00edn Maternal Acuarela: 25 a\u00f1os al servicio de la comunidad de Los Sauces"},"content":{"rendered":"\n<p>El legendario jard\u00edn maternal que a\u00f1o a a\u00f1o alberga a los ni\u00f1os del distrito de los Sauces celebr\u00f3 ayer 25 a\u00f1os desde su creaci\u00f3n con una gran fiesta que reuni\u00f3 a autoridades, docentes, ex alumnos, y a toda la comunidad educativa del seos N\u00b0 086.<\/p>\n\n\n\n<p>Durante m\u00e1s de dos d\u00e9cadas el equipo directivo, docente y no docente ha trabajado incansablemente brindando orientaci\u00f3n y contenci\u00f3n, convirti\u00e9ndose en una gu\u00eda fundamental para cada ni\u00f1o en la construcci\u00f3n de aprendizaje en un clima de respeto y amor.<\/p>\n\n\n\n<p>Con emoci\u00f3n Karen Gelvez, mam\u00e1 y ex alumna de la instituci\u00f3n cont\u00f3 su experiencia a lo largo del tiempo y agradeci\u00f3 la posibilidad de poder estudiar y trabajar mientras su hija est\u00e1 en el jard\u00edn jugando y aprendiendo de la mano de sus maestras.<\/p>\n\n\n\n<p>Durante el acto protocolar y art\u00edstico, Mart\u00edn Aveiro Intendente de Tunuy\u00e1n dirigi\u00f3 unas palabras a todos los presentes resaltando que: \u201cLos jardines maternales tienen un sentido federal de ayuda permanente y gran trabajo con la familia, es un sost\u00e9n emocional y una contenci\u00f3n pedag\u00f3gica con ni\u00f1os desde los dos meses a cinco a\u00f1os de vida\u201d.<\/p>\n\n\n\n<p>Adem\u00e1s expres\u00f3: \u201cTenemos un compromiso asumido con las primeras infancias y es fundamental para nuestra gesti\u00f3n acompa\u00f1ar y brindar herramientas para que los peque\u00f1os de todo el departamento accedan a espacios donde est\u00e9n seguros y contenidos. Todos nuestros jardines tienen comedores y todo lo necesario en equipamiento para el desarrollo de las actividades recreativas y l\u00fadicas\u201d. &nbsp;<\/p>\n\n\n\n<p>Desde el a\u00f1o 1997 el Jard\u00edn maternal Acuarela acompa\u00f1a el crecimiento de los ni\u00f1os de la zona convirti\u00e9ndose en el mejor lugar de encuentro para la primera infancia. &nbsp;<\/p>\n\n\n\n<p>Cabe destacar que este fue el primer SEOS de todo Tunuy\u00e1n que se cre\u00f3 con el objetivo de contener a los ni\u00f1os en un espacio seguro mientras sus pap\u00e1s trabajan o estudian.<\/p>\n","protected":false},"excerpt":{"rendered":"<p>+ Educaci\u00f3n <\/p>\n","protected":false},"author":2,"featured_media":18190,"comment_status":"open","ping_status":"closed","sticky":false,"template":"","format":"standard","meta":{"footnotes":""},"categories":[24],"tags":[],"class_list":["post-18189","post","type-post","status-publish","format-standard","has-post-thumbnail","hentry","category-noticias"],"_links":{"self":[{"href":"https:\/\/www.tunuyan.gov.ar\/site\/wp-json\/wp\/v2\/posts\/18189","targetHints":{"allow":["GET"]}}],"collection":[{"href":"https:\/\/www.tunuyan.gov.ar\/site\/wp-json\/wp\/v2\/posts"}],"about":[{"href":"https:\/\/www.tunuyan.gov.ar\/site\/wp-json\/wp\/v2\/types\/post"}],"author":[{"embeddable":true,"href":"https:\/\/www.tunuyan.gov.ar\/site\/wp-json\/wp\/v2\/users\/2"}],"replies":[{"embeddable":true,"href":"https:\/\/www.tunuyan.gov.ar\/site\/wp-json\/wp\/v2\/comments?post=18189"}],"version-history":[{"count":1,"href":"https:\/\/www.tunuyan.gov.ar\/site\/wp-json\/wp\/v2\/posts\/18189\/revisions"}],"predecessor-version":[{"id":18191,"href":"https:\/\/www.tunuyan.gov.ar\/site\/wp-json\/wp\/v2\/posts\/18189\/revisions\/18191"}],"wp:featuredmedia":[{"embeddable":true,"href":"https:\/\/www.tunuyan.gov.ar\/site\/wp-json\/wp\/v2\/media\/18190"}],"wp:attachment":[{"href":"https:\/\/www.tunuyan.gov.ar\/site\/wp-json\/wp\/v2\/media?parent=18189"}],"wp:term":[{"taxonomy":"category","embeddable":true,"href":"https:\/\/www.tunuyan.gov.ar\/site\/wp-json\/wp\/v2\/categories?post=18189"},{"taxonomy":"post_tag","embeddable":true,"href":"https:\/\/www.tunuyan.gov.ar\/site\/wp-json\/wp\/v2\/tags?post=18189"}],"curies":[{"name":"wp","href":"https:\/\/api.w.org\/{rel}","templated":true}]}}