{"id":18750,"date":"2023-03-09T09:25:08","date_gmt":"2023-03-09T12:25:08","guid":{"rendered":"https:\/\/www.tunuyan.gov.ar\/site\/?p=18750"},"modified":"2023-03-09T09:25:15","modified_gmt":"2023-03-09T12:25:15","slug":"el-ciclo-de-musica-popular-reunira-a-todas-las-bandas-de-tunuyan-en-el-auditorio-municipal","status":"publish","type":"post","link":"https:\/\/www.tunuyan.gov.ar\/site\/el-ciclo-de-musica-popular-reunira-a-todas-las-bandas-de-tunuyan-en-el-auditorio-municipal\/","title":{"rendered":"El \u201cCiclo de M\u00fasica Popular\u201d reunir\u00e1 a todas las bandas de Tunuy\u00e1n en el Auditorio Municipal"},"content":{"rendered":"\n<p>La Municipalidad de Tunuy\u00e1n lanz\u00f3 un nuevo programa cultural pensado en el disfrute de la familia. Buscando la promoci\u00f3n de las bandas musicales populares, la Direcci\u00f3n de Cultura de la comuna lanz\u00f3 una convocatoria para que los artistas del departamento tengan la posibilidad de actuar en un escenario de primer nivel nacional, como lo es el Auditorio \u201cJorge Ra\u00fal Silvano\u201d.<\/p>\n\n\n\n<p>Grupos de Folclore, m\u00fasica tropical, mel\u00f3dica y ritmo latinoamericano desplegar\u00e1n su magia sobre el Auditorio municipal utilizando los recursos que \u00e9ste ofrece, como sonido de alto nivel, juegos de luces, videos en pantalla gigante y un gran show art\u00edstico con vestuario y escenograf\u00eda.<\/p>\n\n\n\n<p>Dos viernes de marzo (17 y 31) y dos viernes de abril (14 y 21) ser\u00e1n las fechas elegidas para reunir a lo mejor de la m\u00fasica local en un mismo espacio. La primera edici\u00f3n del ciclo popular ser\u00e1 el viernes 17 de marzo. En esa ocasi\u00f3n subir\u00e1n al escenario Las Voces de mi tierra, Zafiro y los Alfajores de Alcayota.<\/p>\n\n\n\n<p>La iniciativa busca ofrecer y crear un lugar para el desarrollo cultural y art\u00edstico que contenga a bandas, conjuntos y solistas de todos los ritmos musicales.<\/p>\n\n\n\n<p>Al ofrecer un lugar con t\u00e9cnica de primera calidad como el auditorio, los grupos musicales preparan y crean un espect\u00e1culo de m\u00fasica, luces e imagen, que pone en movimiento la creatividad del artista y de esta manera se impulsa el crecimiento y evoluci\u00f3n del conjunto, teniendo como resultado final un producto de calidad digno de mostrar y escuchar en festivales de alta relevancia, como nuestro festival de la tonada.<\/p>\n\n\n\n<p>Cabe destacar que de forma simult\u00e1nea se realizar\u00e1 el ya tradicional ciclo de rock \u201cTunuy\u00e1n Cultura Rock\u201d el cu\u00e1l se desarrollar\u00e1 en el Auditorio Municipal los d\u00edas jueves anteriores al viernes de m\u00fasica popular. \u00c9ste certamen re\u00fane a\u00f1o a a\u00f1o a las Bandas de rock y m\u00fasica urbana como trap y rap del departamento creando un ambiente \u00fanico para los amantes del rock en Tunuy\u00e1n.<\/p>\n","protected":false},"excerpt":{"rendered":"<p>+ Oportunidades <\/p>\n","protected":false},"author":2,"featured_media":18751,"comment_status":"open","ping_status":"closed","sticky":false,"template":"","format":"standard","meta":{"footnotes":""},"categories":[24],"tags":[],"class_list":["post-18750","post","type-post","status-publish","format-standard","has-post-thumbnail","hentry","category-noticias"],"_links":{"self":[{"href":"https:\/\/www.tunuyan.gov.ar\/site\/wp-json\/wp\/v2\/posts\/18750","targetHints":{"allow":["GET"]}}],"collection":[{"href":"https:\/\/www.tunuyan.gov.ar\/site\/wp-json\/wp\/v2\/posts"}],"about":[{"href":"https:\/\/www.tunuyan.gov.ar\/site\/wp-json\/wp\/v2\/types\/post"}],"author":[{"embeddable":true,"href":"https:\/\/www.tunuyan.gov.ar\/site\/wp-json\/wp\/v2\/users\/2"}],"replies":[{"embeddable":true,"href":"https:\/\/www.tunuyan.gov.ar\/site\/wp-json\/wp\/v2\/comments?post=18750"}],"version-history":[{"count":1,"href":"https:\/\/www.tunuyan.gov.ar\/site\/wp-json\/wp\/v2\/posts\/18750\/revisions"}],"predecessor-version":[{"id":18752,"href":"https:\/\/www.tunuyan.gov.ar\/site\/wp-json\/wp\/v2\/posts\/18750\/revisions\/18752"}],"wp:featuredmedia":[{"embeddable":true,"href":"https:\/\/www.tunuyan.gov.ar\/site\/wp-json\/wp\/v2\/media\/18751"}],"wp:attachment":[{"href":"https:\/\/www.tunuyan.gov.ar\/site\/wp-json\/wp\/v2\/media?parent=18750"}],"wp:term":[{"taxonomy":"category","embeddable":true,"href":"https:\/\/www.tunuyan.gov.ar\/site\/wp-json\/wp\/v2\/categories?post=18750"},{"taxonomy":"post_tag","embeddable":true,"href":"https:\/\/www.tunuyan.gov.ar\/site\/wp-json\/wp\/v2\/tags?post=18750"}],"curies":[{"name":"wp","href":"https:\/\/api.w.org\/{rel}","templated":true}]}}