{"id":19257,"date":"2023-05-11T13:03:35","date_gmt":"2023-05-11T16:03:35","guid":{"rendered":"https:\/\/www.tunuyan.gov.ar\/site\/?p=19257"},"modified":"2023-05-11T13:06:43","modified_gmt":"2023-05-11T16:06:43","slug":"11-de-mayo-dia-del-himno-nacional-argentino","status":"publish","type":"post","link":"https:\/\/www.tunuyan.gov.ar\/site\/11-de-mayo-dia-del-himno-nacional-argentino\/","title":{"rendered":"11 de mayo: D\u00eda del Himno Nacional Argentino"},"content":{"rendered":"\n<p>En la ma\u00f1ana de hoy, 11 de mayo, la Escuela Jos\u00e9 Hern\u00e1ndez de Tunuy\u00e1n se visti\u00f3 de fiesta para celebrar junto a la comunidad educativa el d\u00eda Nacional del Himno Argentino.<\/p>\n\n\n\n<p>El canto nacional que nos identifica a los argentinos fue creado con la letra de Vicente L\u00f3pez y Planes y la m\u00fasica de Blas Parera y hoy cumple 210 a\u00f1os.<\/p>\n\n\n\n<p>Emir Andraos, a cargo de la intendencia de Tunuy\u00e1n se dirigi\u00f3 a los presentes agradeciendo a la escuela anfitriona por abrir sus puertas: \u201cEn un d\u00eda tan especial, poder cantar el Himno junto a los alumnos de la escuela Jos\u00e9 Hern\u00e1ndez y los acordes de la Banda Granaderos Chepoy\u00e1 es un gran orgullo\u201d. \u201cEs fundamental escuchar las palabras reflejadas en nuestro Himno donde se ven reflejados los valores con los que se fund\u00f3 nuestra sociedad: valor, humildad, solidaridad, independencia, justicia\u201d.<\/p>\n\n\n\n<p>\u201cEl Himno nos afianza como pueblo y es un patrimonio que tenemos que cuidar siempre. Es importante inculcarlo desde las bases como lo son las escuelas\u201d enfatiz\u00f3 Emir Andraos.<\/p>\n\n\n\n<p>Cantado en alto con gran compromiso y sentido de pertenencia, el Himno Argentino refleja la uni\u00f3n de todo un pueblo que luch\u00f3 por la independencia. Sin dudas, este bien cultural refuerza el v\u00ednculo emocional de varias generaciones y su permanencia en el tiempo refuerza los valores que nos identifican como naci\u00f3n.<\/p>\n\n\n\n<p>Durante la jornada, el Presidente del Honorable Concejo Deliberante de Tunuy\u00e1n, hizo entrega de dos Banderas Argentinas, una Nacional y otra Provincial, las cuales fueron recibidas por Guadalupe, alumna de la instituci\u00f3n que gestion\u00f3 desde su peque\u00f1o lugar nuevas insignias patrias para su querida escuela.<\/p>\n","protected":false},"excerpt":{"rendered":"<p>Acto Institucional <\/p>\n","protected":false},"author":2,"featured_media":19258,"comment_status":"open","ping_status":"closed","sticky":false,"template":"","format":"standard","meta":{"footnotes":""},"categories":[24],"tags":[],"class_list":["post-19257","post","type-post","status-publish","format-standard","has-post-thumbnail","hentry","category-noticias"],"_links":{"self":[{"href":"https:\/\/www.tunuyan.gov.ar\/site\/wp-json\/wp\/v2\/posts\/19257","targetHints":{"allow":["GET"]}}],"collection":[{"href":"https:\/\/www.tunuyan.gov.ar\/site\/wp-json\/wp\/v2\/posts"}],"about":[{"href":"https:\/\/www.tunuyan.gov.ar\/site\/wp-json\/wp\/v2\/types\/post"}],"author":[{"embeddable":true,"href":"https:\/\/www.tunuyan.gov.ar\/site\/wp-json\/wp\/v2\/users\/2"}],"replies":[{"embeddable":true,"href":"https:\/\/www.tunuyan.gov.ar\/site\/wp-json\/wp\/v2\/comments?post=19257"}],"version-history":[{"count":1,"href":"https:\/\/www.tunuyan.gov.ar\/site\/wp-json\/wp\/v2\/posts\/19257\/revisions"}],"predecessor-version":[{"id":19259,"href":"https:\/\/www.tunuyan.gov.ar\/site\/wp-json\/wp\/v2\/posts\/19257\/revisions\/19259"}],"wp:featuredmedia":[{"embeddable":true,"href":"https:\/\/www.tunuyan.gov.ar\/site\/wp-json\/wp\/v2\/media\/19258"}],"wp:attachment":[{"href":"https:\/\/www.tunuyan.gov.ar\/site\/wp-json\/wp\/v2\/media?parent=19257"}],"wp:term":[{"taxonomy":"category","embeddable":true,"href":"https:\/\/www.tunuyan.gov.ar\/site\/wp-json\/wp\/v2\/categories?post=19257"},{"taxonomy":"post_tag","embeddable":true,"href":"https:\/\/www.tunuyan.gov.ar\/site\/wp-json\/wp\/v2\/tags?post=19257"}],"curies":[{"name":"wp","href":"https:\/\/api.w.org\/{rel}","templated":true}]}}