{"id":20348,"date":"2023-11-13T08:53:18","date_gmt":"2023-11-13T11:53:18","guid":{"rendered":"https:\/\/www.tunuyan.gov.ar\/site\/?p=20348"},"modified":"2023-11-13T08:53:31","modified_gmt":"2023-11-13T11:53:31","slug":"el-distrito-de-villa-seca-inauguro-su-esperada-plaza-de-juegos","status":"publish","type":"post","link":"https:\/\/www.tunuyan.gov.ar\/site\/el-distrito-de-villa-seca-inauguro-su-esperada-plaza-de-juegos\/","title":{"rendered":"El distrito de Villa Seca inaugur\u00f3 su esperada plaza de juegos"},"content":{"rendered":"\n<p>El pasado fin de semana, los vecinos de Villa Seca vieron concretado uno de sus mayores anhelos: la plaza del distrito. Entre aplausos y l\u00e1grimas cortaron la cinta que los habilita a disfrutar de un espacio verde destinado a la familia, al deporte y la recreaci\u00f3n de ni\u00f1os y j\u00f3venes.<\/p>\n\n\n\n<p>Este importante logro enmarca una de las \u00faltimas obras de la gesti\u00f3n Aveiro, lo cual representa una gran satisfacci\u00f3n personal para el jefe comunal. En sus palabras, Mart\u00edn Aveiro expres\u00f3 su alegr\u00eda: \u201c Quiero gradecer al gran equipo municipal que construy\u00f3 este hermoso espacio para todos, y tambi\u00e9n a cada vecino que pese a las injusticias y a las desigualdades que significa estar lejos del centro, eligen apostar siempre por Villa Seca\u201d.<\/p>\n\n\n\n<p>La nueva plaza tiene una superficie de 36 x 36 metros. Est\u00e1 ubicada sobre el corredor productivo frente al flamante Centro Integrador Comunitario inaugurado hace unos meses. Cuenta con un play\u00f3n deportivo y aparatos de gimnasia. En el espacio de juegos hay un sector especial que tiene mangrullo aldea de 2 torres, domo con tobog\u00e1n, calesitas y trepador columpios y sube y baja.<\/p>\n\n\n\n<p>Durante el acto protocolar tom\u00f3 la palabra Ren\u00e9 Barbero, respetada vecina del distrito, quien cont\u00f3 que: \u201cPara los que nacimos y crecimos ac\u00e1 ve\u00edamos muy lejos la construcci\u00f3n de esta plaza que hoy es una realidad. Estoy feliz por las generaciones que vienen, que van a ser los que disfruten de este espacio tan bonito y querido por nosotros\u201d.<\/p>\n\n\n\n<p>Tambi\u00e9n tom\u00f3 la palabra Camila, una ni\u00f1a de tan solo 12 a\u00f1os, quien dirigi\u00f3 unas sentidas palabras al Intendente de Tunuy\u00e1n. \u201cPuedo hablar desde mi experiencia, desde lo que vivo, la ciclov\u00eda por donde voy a la escuela, el CIC al que voy a ingl\u00e9s y por fin la plaza donde quiero venir a jugar y tomar mates con mis amigas. Gracias intendente por escucharnos y hacer realidad nuestro sue\u00f1o\u201d.<\/p>\n","protected":false},"excerpt":{"rendered":"<p>Play\u00f3n deportivo, juegos did\u00e1ctivos y sector de mates <\/p>\n","protected":false},"author":2,"featured_media":20349,"comment_status":"open","ping_status":"closed","sticky":false,"template":"","format":"standard","meta":{"footnotes":""},"categories":[24],"tags":[],"class_list":["post-20348","post","type-post","status-publish","format-standard","has-post-thumbnail","hentry","category-noticias"],"_links":{"self":[{"href":"https:\/\/www.tunuyan.gov.ar\/site\/wp-json\/wp\/v2\/posts\/20348","targetHints":{"allow":["GET"]}}],"collection":[{"href":"https:\/\/www.tunuyan.gov.ar\/site\/wp-json\/wp\/v2\/posts"}],"about":[{"href":"https:\/\/www.tunuyan.gov.ar\/site\/wp-json\/wp\/v2\/types\/post"}],"author":[{"embeddable":true,"href":"https:\/\/www.tunuyan.gov.ar\/site\/wp-json\/wp\/v2\/users\/2"}],"replies":[{"embeddable":true,"href":"https:\/\/www.tunuyan.gov.ar\/site\/wp-json\/wp\/v2\/comments?post=20348"}],"version-history":[{"count":1,"href":"https:\/\/www.tunuyan.gov.ar\/site\/wp-json\/wp\/v2\/posts\/20348\/revisions"}],"predecessor-version":[{"id":20350,"href":"https:\/\/www.tunuyan.gov.ar\/site\/wp-json\/wp\/v2\/posts\/20348\/revisions\/20350"}],"wp:featuredmedia":[{"embeddable":true,"href":"https:\/\/www.tunuyan.gov.ar\/site\/wp-json\/wp\/v2\/media\/20349"}],"wp:attachment":[{"href":"https:\/\/www.tunuyan.gov.ar\/site\/wp-json\/wp\/v2\/media?parent=20348"}],"wp:term":[{"taxonomy":"category","embeddable":true,"href":"https:\/\/www.tunuyan.gov.ar\/site\/wp-json\/wp\/v2\/categories?post=20348"},{"taxonomy":"post_tag","embeddable":true,"href":"https:\/\/www.tunuyan.gov.ar\/site\/wp-json\/wp\/v2\/tags?post=20348"}],"curies":[{"name":"wp","href":"https:\/\/api.w.org\/{rel}","templated":true}]}}