{"id":21734,"date":"2024-03-25T09:12:16","date_gmt":"2024-03-25T12:12:16","guid":{"rendered":"https:\/\/www.tunuyan.gov.ar\/site\/?p=21734"},"modified":"2024-03-25T09:12:19","modified_gmt":"2024-03-25T12:12:19","slug":"el-intendente-emir-andraos-particio-de-la-red-de-redes-de-sostenibilidad","status":"publish","type":"post","link":"https:\/\/www.tunuyan.gov.ar\/site\/el-intendente-emir-andraos-particio-de-la-red-de-redes-de-sostenibilidad\/","title":{"rendered":"El intendente Emir Andraos partici\u00f3 de la red de redes de sostenibilidad"},"content":{"rendered":"\n<p>El Profesor Emir Andraos partcip\u00f3 de una reuni\u00f3n que nuclea a intendentes y al sector empresarial de Mendoza organizada por VALOS.<\/p>\n\n\n\n<p>VALOS promueve pr\u00e1cticas de responsabilidad y sostenibilidad, junto a empresas y empresarios que operan en Mendoza o en relaci\u00f3n al ecosistema emprendedor y empresario mendocino. Desde all\u00ed se alientan relaciones sin\u00e9rgicas, en una nueva forma de hacer negocios para propiciar el desarrollo sostenible de nuestro medio.<\/p>\n\n\n\n<p>El encuentro reun\u00eda al sector p\u00fablico y al privado para trabajar en una agenda de sostenibilidad 2024 y determinar algunos ejes. Se trabaj\u00f3 en torno a los objetivos de desarrollo sostenible, donde se realizaron mesas de trabajo y all\u00ed cada municipio trabajaba con alguna empresa analizando el objetivo, determinando los desaf\u00edos y las oportunidades respecto de ese objetivo puntual.<\/p>\n\n\n\n<p>La din\u00e1mica de trabajo se desarroll\u00f3 en un ambiente donde prim\u00f3 el desaf\u00edo de aportar la mirada desde lo p\u00fablico y escuchar al sector privado acerca de una agenda de sostenibilidad.<\/p>\n\n\n\n<p>En las mesas de trabajo se desarrollaron las siguientes actividades:<br>\u2022 Desaf\u00edos relacionados con los Objetivos de Desarrollo Sostenible (ODS).<br>\u2022 Proyectos o intenciones de ejes de trabajo relacionados con la sostenibildad.<br>\u2022 Espacio de \u201cpedir y ofrecer\u201d para generar sinergias y superar barreras.<\/p>\n\n\n\n<p>Desde el municipio de Tunuy\u00e1n se trabaja constantemente con pol\u00edticas aplicadas al ambiente con una gran visi\u00f3n de futuro y sustentabildad.<\/p>\n","protected":false},"excerpt":{"rendered":"<p>Encuentro de intendentes y el sector empresarial <\/p>\n","protected":false},"author":2,"featured_media":21735,"comment_status":"closed","ping_status":"closed","sticky":false,"template":"","format":"standard","meta":{"footnotes":""},"categories":[24],"tags":[],"class_list":["post-21734","post","type-post","status-publish","format-standard","has-post-thumbnail","hentry","category-noticias"],"_links":{"self":[{"href":"https:\/\/www.tunuyan.gov.ar\/site\/wp-json\/wp\/v2\/posts\/21734","targetHints":{"allow":["GET"]}}],"collection":[{"href":"https:\/\/www.tunuyan.gov.ar\/site\/wp-json\/wp\/v2\/posts"}],"about":[{"href":"https:\/\/www.tunuyan.gov.ar\/site\/wp-json\/wp\/v2\/types\/post"}],"author":[{"embeddable":true,"href":"https:\/\/www.tunuyan.gov.ar\/site\/wp-json\/wp\/v2\/users\/2"}],"replies":[{"embeddable":true,"href":"https:\/\/www.tunuyan.gov.ar\/site\/wp-json\/wp\/v2\/comments?post=21734"}],"version-history":[{"count":1,"href":"https:\/\/www.tunuyan.gov.ar\/site\/wp-json\/wp\/v2\/posts\/21734\/revisions"}],"predecessor-version":[{"id":21736,"href":"https:\/\/www.tunuyan.gov.ar\/site\/wp-json\/wp\/v2\/posts\/21734\/revisions\/21736"}],"wp:featuredmedia":[{"embeddable":true,"href":"https:\/\/www.tunuyan.gov.ar\/site\/wp-json\/wp\/v2\/media\/21735"}],"wp:attachment":[{"href":"https:\/\/www.tunuyan.gov.ar\/site\/wp-json\/wp\/v2\/media?parent=21734"}],"wp:term":[{"taxonomy":"category","embeddable":true,"href":"https:\/\/www.tunuyan.gov.ar\/site\/wp-json\/wp\/v2\/categories?post=21734"},{"taxonomy":"post_tag","embeddable":true,"href":"https:\/\/www.tunuyan.gov.ar\/site\/wp-json\/wp\/v2\/tags?post=21734"}],"curies":[{"name":"wp","href":"https:\/\/api.w.org\/{rel}","templated":true}]}}