{"id":22036,"date":"2024-05-10T10:07:22","date_gmt":"2024-05-10T13:07:22","guid":{"rendered":"https:\/\/www.tunuyan.gov.ar\/site\/?p=22036"},"modified":"2024-05-10T19:33:17","modified_gmt":"2024-05-10T22:33:17","slug":"tunuyan-fue-sede-del-encuentro-nacional-de-profesores-de-geografia-y-de-la-tercera-jornada-provincial-sobre-la-ensenanza-de-las-ciencias-sociales","status":"publish","type":"post","link":"https:\/\/www.tunuyan.gov.ar\/site\/tunuyan-fue-sede-del-encuentro-nacional-de-profesores-de-geografia-y-de-la-tercera-jornada-provincial-sobre-la-ensenanza-de-las-ciencias-sociales\/","title":{"rendered":"Tunuy\u00e1n fue sede del Encuentro Nacional de Profesores de Geograf\u00eda y de la Tercera Jornada Provincial sobre la ense\u00f1anza de las ciencias sociales"},"content":{"rendered":"\n<p>La tercera jornada provincial sobre la ense\u00f1anza de las ciencias sociales se llev\u00f3 a cabo en el departamento de Tunuy\u00e1n con m\u00e1s de 300 profesores de geograf\u00eda de todo el pa\u00eds que debatieron sobre el tema central de este a\u00f1o: \u201cPensando una Geograf\u00eda significativa para la cotidianeidad\u201d.<\/p>\n\n\n\n<p>Desde el a\u00f1o 1988, los profesores de Geograf\u00eda de la Rep\u00fablica Argentina se re\u00fanen anualmente para reflexionar sobre la ciencia Geogr\u00e1fica, en el seno de compartir experiencias de formaci\u00f3n, investigaci\u00f3n y pr\u00e1cticas de ense\u00f1anza y aprendizaje.<\/p>\n\n\n\n<p>Por primera vez el Instituto de Educaci\u00f3n Superior T-004 \u201cNormal General Toribio de Luzuriaga\u201d tuvo el agrado\u00a0 de ser anfitri\u00f3n de tal evento, apoyados por la Municipalidad de Tunuy\u00e1n, quienes recibieron a los profesionales y estudiantes de geograf\u00eda y ciencias afines en nuestro departamento.<\/p>\n\n\n\n<p>Emir Andraos, intendente de Tunuy\u00e1n, estuvo presente resaltando que este encuentro significa un hito en el desarrollo de la educaci\u00f3n en nuestra regi\u00f3n y en el pa\u00eds en general. \u201cPoder reunir a docentes e investigadores es un claro ejemplo de la relevancia e impacto que tiene la geograf\u00eda en nuestra sociedad. Como intendente celebro y valoro el esfuerzo de todos los involucrados en este evento\u201d.<\/p>\n\n\n\n<p>Para finalizar el jefe comunal remarc\u00f3: \u201cTunuy\u00e1n es una ciudad que atrae, que enamora y ofrece enorme posibilidades de crecimiento, es la ciudad del agua. Su geograf\u00eda es incre\u00edble, nuestros recursos naturales, la biodiversidad y la fuerza de su gente nos convierte en un para\u00edso que debemos cuidar\u201d.<\/p>\n\n\n\n<p>El XXVI Encuentro Nacional de Profesores\/as de Geograf\u00eda tuyo la participaci\u00f3n de reconocidos acad\u00e9micos que durante a\u00f1os se desempe\u00f1an en pensar e investigar la Geograf\u00eda. Entre otros, estuvieron presentes la Doctora Viviana Zenobi, el Profesor Licenciado Marcelo Troncoso, el Profesor Rodrigo D\u00edas y la Profesora Mag\u00edster Ana Scoones.<\/p>\n\n\n\n<p>Cabe destacar que las propuestas -un total de 40 ponencias- estuvieron desarrolladas por docentes y estudiantes de universidades, institutos de educaci\u00f3n superior y escuelas secundarias de diversos puntos de la Argentina. Organismos de Brasil, el INTA, el Instituto Geogr\u00e1fico Nacional y asociaciones varias como la Sanmartiniana tambi\u00e9n dijeron presente en estos d\u00edas de intercambio y enriquecimiento mutuo.<\/p>\n\n\n\n<p>En paralelo con las mesas tem\u00e1ticas, se llevaron a cabo presentaciones art\u00edsticas propias de docentes de educaci\u00f3n superior de la instituci\u00f3n sede, como as\u00ed tambi\u00e9n del Valle de Uco. Por otra parte, estudiantes y docentes fueron part\u00edcipes de presentaciones de libros referidos a la ense\u00f1anza de la geograf\u00eda entre otras tem\u00e1ticas; y de talleres que abordar\u00e1n el uso de sistemas de informaci\u00f3n geogr\u00e1ficos, y diversas estrategias de ense\u00f1anza para implementar en las aulas.<\/p>\n\n\n\n<p>Integraron la mesa acad\u00e9mica la Rectora del IES Normal, Profesora. Rosa Garc\u00eda S\u00e1nchez, el intendente de Tunuy\u00e1n Prof. Emir Andraos, la se\u00f1ora Vicerrectora: Mariela Argentin, Directora Provincial de Nivel Superior: Prof. LIC Mariela Ramos. Directora de Educaci\u00f3n: Prof. Andrea Rodriguez. En representaci\u00f3n del Comit\u00e9 acad\u00e9mico del XXVI Encuentro Nacional de Profesores de Geograf\u00eda y Coordinador de la carrera profesorado en educaci\u00f3n secundaria en Geograf\u00eda. Prof. Claudio Reinoso.<\/p>\n\n\n\n<p>Tambi\u00e9n acompa\u00f1aron el encuentro Autoridades del INTA, Diputado Nacional Prof. Martin Aveiro, Diputados Provinciales, Direcci\u00f3n General de escuelas Regional Valle de Uco, miembros del HCD, miembros del Ejecutivo Municipal y Rectores de los IES del Valle de Uco.<\/p>\n\n\n\n<p>Como cierre, el Ballet \u201cAntu Pagen\u201d deleit\u00f3 a los asistentes con su baile t\u00edpico argentino.<\/p>\n","protected":false},"excerpt":{"rendered":"<p>XXVI ENCUENTRO NACIONAL DE PROFESORES DE GEOGRAF\u00cdA <\/p>\n","protected":false},"author":2,"featured_media":22037,"comment_status":"closed","ping_status":"closed","sticky":false,"template":"","format":"standard","meta":{"footnotes":""},"categories":[24],"tags":[],"class_list":["post-22036","post","type-post","status-publish","format-standard","has-post-thumbnail","hentry","category-noticias"],"_links":{"self":[{"href":"https:\/\/www.tunuyan.gov.ar\/site\/wp-json\/wp\/v2\/posts\/22036","targetHints":{"allow":["GET"]}}],"collection":[{"href":"https:\/\/www.tunuyan.gov.ar\/site\/wp-json\/wp\/v2\/posts"}],"about":[{"href":"https:\/\/www.tunuyan.gov.ar\/site\/wp-json\/wp\/v2\/types\/post"}],"author":[{"embeddable":true,"href":"https:\/\/www.tunuyan.gov.ar\/site\/wp-json\/wp\/v2\/users\/2"}],"replies":[{"embeddable":true,"href":"https:\/\/www.tunuyan.gov.ar\/site\/wp-json\/wp\/v2\/comments?post=22036"}],"version-history":[{"count":2,"href":"https:\/\/www.tunuyan.gov.ar\/site\/wp-json\/wp\/v2\/posts\/22036\/revisions"}],"predecessor-version":[{"id":22050,"href":"https:\/\/www.tunuyan.gov.ar\/site\/wp-json\/wp\/v2\/posts\/22036\/revisions\/22050"}],"wp:featuredmedia":[{"embeddable":true,"href":"https:\/\/www.tunuyan.gov.ar\/site\/wp-json\/wp\/v2\/media\/22037"}],"wp:attachment":[{"href":"https:\/\/www.tunuyan.gov.ar\/site\/wp-json\/wp\/v2\/media?parent=22036"}],"wp:term":[{"taxonomy":"category","embeddable":true,"href":"https:\/\/www.tunuyan.gov.ar\/site\/wp-json\/wp\/v2\/categories?post=22036"},{"taxonomy":"post_tag","embeddable":true,"href":"https:\/\/www.tunuyan.gov.ar\/site\/wp-json\/wp\/v2\/tags?post=22036"}],"curies":[{"name":"wp","href":"https:\/\/api.w.org\/{rel}","templated":true}]}}