{"id":23239,"date":"2024-10-17T09:43:24","date_gmt":"2024-10-17T12:43:24","guid":{"rendered":"https:\/\/www.tunuyan.gov.ar\/site\/?p=23239"},"modified":"2024-10-18T08:46:33","modified_gmt":"2024-10-18T11:46:33","slug":"con-un-finde-lleno-de-actividades-celebramos-a-mama-en-su-dia","status":"publish","type":"post","link":"https:\/\/www.tunuyan.gov.ar\/site\/con-un-finde-lleno-de-actividades-celebramos-a-mama-en-su-dia\/","title":{"rendered":"Con un finde lleno de actividades, celebramos a Mam\u00e1 en su d\u00eda"},"content":{"rendered":"\n<p>Con un fin de semana lleno de actividades, la Municipalidad de Tunuy\u00e1n se prepara para celebrar a todas las madres del departamento en su d\u00eda. Desde el viernes 18 hasta el domingo 20 de octubre, un programa nutrido de festejos se desplegar\u00e1 en distintos puntos del departamento para reunir a la familia tunuyanina.<\/p>\n\n\n\n<p>Agasajar a mam\u00e1 se ha convertido en uno de los momentos m\u00e1s esperados del a\u00f1o, una ocasi\u00f3n para poner en valor el amor, los cuidados diarios y la compa\u00f1\u00eda de quienes gu\u00edan nuestros pasos. Sorteos, juegos y shows en vivo ser\u00e1n los atractivos ideales para compartir un gran fin de semana, donde las madres de todos nuestro Departamento ser\u00e1n las grandes protagonistas.<\/p>\n\n\n\n<p>Los festejos se llevar\u00e1n a cabo de manera federal, asegurando que en todos los rincones se disfrute de esta celebraci\u00f3n. <\/p>\n\n\n\n<p>Aqu\u00ed est\u00e1 el cronograma:<\/p>\n\n\n\n<p><strong>Viernes 18 de octubre:<\/strong><\/p>\n\n\n\n<p>La Primavera (Escuela 1-196 Ignacio \u00c1lvarez) &#8211; 17:00 horas<\/p>\n\n\n\n<p>Villa Seca (Escuela Ej\u00e9rcito de Los Andes)- 19:30 horas<\/p>\n\n\n\n<p>El Algarrobo (Centro Integrador Comunitario)- 18:00 horas<\/p>\n\n\n\n<p>Manzano Hist\u00f3rico (Delegaci\u00f3n Municipal)- 18:00 horas<\/p>\n\n\n\n<p><strong>S\u00e1bado 19 de octubre:<\/strong><\/p>\n\n\n\n<p>La Pintada (Centro Integrador Comuitario)- 17:00 horas<\/p>\n\n\n\n<p>Colonia Las Rosas (Polideportivo Municipal)- 17:00 horas<\/p>\n\n\n\n<p>Los \u00c1rboles (Finca Mago Correa) &#8211; 16:00 horas<\/p>\n\n\n\n<p>Los Sauces (Plaza Distrital) &#8211; 17:00 horas<\/p>\n\n\n\n<p>Campo Los Andes (Predio de la Capilla) &#8211; 18:00 horas<\/p>\n\n\n\n<p><strong>Domingo 20 de octubre:<\/strong><\/p>\n\n\n\n<p>Vista Flores (Plaza Manuel Belgrano) &#8211; 18:00 horas<\/p>\n\n\n\n<p>Tunuy\u00e1n Centro (Plaza Gral. San Mart\u00edn) &#8211; 18:00 horas<\/p>\n\n\n\n<p>Este fin de semana promete ser una celebraci\u00f3n inolvidable, llena de actividades y momentos especiales para todas las madres tunuyaninas.<\/p>\n\n\n\n<p class=\"has-text-align-center\"><\/p>\n\n\n\n<p><\/p>\n","protected":false},"excerpt":{"rendered":"<p>Celebraciones federales del D\u00eda de la Madre en Tunuy\u00e1n.<\/p>\n","protected":false},"author":6,"featured_media":23240,"comment_status":"closed","ping_status":"closed","sticky":false,"template":"","format":"standard","meta":{"footnotes":""},"categories":[24],"tags":[],"class_list":["post-23239","post","type-post","status-publish","format-standard","has-post-thumbnail","hentry","category-noticias"],"_links":{"self":[{"href":"https:\/\/www.tunuyan.gov.ar\/site\/wp-json\/wp\/v2\/posts\/23239","targetHints":{"allow":["GET"]}}],"collection":[{"href":"https:\/\/www.tunuyan.gov.ar\/site\/wp-json\/wp\/v2\/posts"}],"about":[{"href":"https:\/\/www.tunuyan.gov.ar\/site\/wp-json\/wp\/v2\/types\/post"}],"author":[{"embeddable":true,"href":"https:\/\/www.tunuyan.gov.ar\/site\/wp-json\/wp\/v2\/users\/6"}],"replies":[{"embeddable":true,"href":"https:\/\/www.tunuyan.gov.ar\/site\/wp-json\/wp\/v2\/comments?post=23239"}],"version-history":[{"count":4,"href":"https:\/\/www.tunuyan.gov.ar\/site\/wp-json\/wp\/v2\/posts\/23239\/revisions"}],"predecessor-version":[{"id":23248,"href":"https:\/\/www.tunuyan.gov.ar\/site\/wp-json\/wp\/v2\/posts\/23239\/revisions\/23248"}],"wp:featuredmedia":[{"embeddable":true,"href":"https:\/\/www.tunuyan.gov.ar\/site\/wp-json\/wp\/v2\/media\/23240"}],"wp:attachment":[{"href":"https:\/\/www.tunuyan.gov.ar\/site\/wp-json\/wp\/v2\/media?parent=23239"}],"wp:term":[{"taxonomy":"category","embeddable":true,"href":"https:\/\/www.tunuyan.gov.ar\/site\/wp-json\/wp\/v2\/categories?post=23239"},{"taxonomy":"post_tag","embeddable":true,"href":"https:\/\/www.tunuyan.gov.ar\/site\/wp-json\/wp\/v2\/tags?post=23239"}],"curies":[{"name":"wp","href":"https:\/\/api.w.org\/{rel}","templated":true}]}}