{"id":23895,"date":"2025-02-01T12:49:10","date_gmt":"2025-02-01T15:49:10","guid":{"rendered":"https:\/\/www.tunuyan.gov.ar\/site\/?p=23895"},"modified":"2025-02-01T12:50:37","modified_gmt":"2025-02-01T15:50:37","slug":"tunuyan-celebro-su-vendimia-2025-con-un-espectaculo-inolvidable","status":"publish","type":"post","link":"https:\/\/www.tunuyan.gov.ar\/site\/tunuyan-celebro-su-vendimia-2025-con-un-espectaculo-inolvidable\/","title":{"rendered":"Tunuy\u00e1n celebr\u00f3 su Vendimia 2025 con un espect\u00e1culo que nace de la inspiraci\u00f3n del Pueblo"},"content":{"rendered":"\n<p>Las luces del anfiteatro municipal se encendieron para iluminar una noche inolvidable en la que Tunuy\u00e1n celebr\u00f3 su tradicional Vendimia. Desde las primeras horas de la tarde, las calles que conduc\u00edan al anfiteatro se vieron colmadas de familias que, con sillas y reposeras en mano, buscaban el mejor lugar para disfrutar del espect\u00e1culo. A las 19:30 horas se abrieron las puertas y el p\u00fablico ingres\u00f3 en un clima de expectativa.<\/p>\n\n\n\n<p>Antes del inicio del espect\u00e1culo, se realizaron emotivos reconocimientos a destacadas figuras de la comunidad. Se homenaje\u00f3 a los productores vitivin\u00edcolas Manuel Gonz\u00e1lez, Francisca Mart\u00ednez, Ricardo Far\u00edas y Daniel Omar Cerda, en reconocimiento a su labor en la industria vitivin\u00edcola y su contribuci\u00f3n al crecimiento del sector en Tunuy\u00e1n. Tambi\u00e9n fueron distinguidos los Reyes de Adultos Mayores Norma Margarita Sep\u00falveda y Miguel \u00c1ngel M\u00e1rquez, quienes recibieron el cari\u00f1o del p\u00fablico en un momento especial de la noche.<\/p>\n\n\n\n<p>Asimismo, se celebr\u00f3 el aniversario n\u00famero 25 de la coronaci\u00f3n de Eliana Alarc\u00f3n como Reina Departamental de la Vendimia, en un homenaje que evoc\u00f3 recuerdos de su reinado y su aporte a la tradici\u00f3n vendimial. Cada uno de estos reconocimientos destac\u00f3 la importancia de preservar la historia y el esfuerzo de quienes han dejado su huella en la comunidad.<\/p>\n\n\n\n<p>La expectaci\u00f3n creci\u00f3 cuando la Virgen de la Carrodilla ingres\u00f3 escoltada por la Agrupaci\u00f3n Gaucha Tunuy\u00e1n, dando inicio a la tradicional Bendici\u00f3n de los Frutos, un momento lit\u00fargico que otorg\u00f3 un marco solemne a la celebraci\u00f3n. En este acto, el intendente Emir Andraos llev\u00f3 a cabo el tradicional golpe de rejas, un gesto simb\u00f3lico que marca el inicio oficial de la cosecha y rinde homenaje a los trabajadores de la vid.<\/p>\n\n\n\n<p>En el evento estuvieron presentes autoridades como Alejandro Morillas, intendente de San Carlos; Gustavo Aguilera, intendente de Tupungato; y Flor Dest\u00e9fanis, intendente de Santa Rosa.<\/p>\n\n\n\n<figure class=\"wp-block-gallery has-nested-images columns-default is-cropped wp-block-gallery-1 is-layout-flex wp-block-gallery-is-layout-flex\">\n<figure class=\"wp-block-image size-large\"><a href=\"https:\/\/www.tunuyan.gov.ar\/site\/wp-content\/uploads\/2025\/02\/GOM9838-scaled.jpg\"><img fetchpriority=\"high\" decoding=\"async\" width=\"1024\" height=\"683\" data-id=\"23931\" src=\"https:\/\/www.tunuyan.gov.ar\/site\/wp-content\/uploads\/2025\/02\/GOM9838-1024x683.jpg\" alt=\"\" class=\"wp-image-23931\" srcset=\"https:\/\/www.tunuyan.gov.ar\/site\/wp-content\/uploads\/2025\/02\/GOM9838-1024x683.jpg 1024w, https:\/\/www.tunuyan.gov.ar\/site\/wp-content\/uploads\/2025\/02\/GOM9838-300x200.jpg 300w, https:\/\/www.tunuyan.gov.ar\/site\/wp-content\/uploads\/2025\/02\/GOM9838-768x512.jpg 768w, https:\/\/www.tunuyan.gov.ar\/site\/wp-content\/uploads\/2025\/02\/GOM9838-1536x1024.jpg 1536w, https:\/\/www.tunuyan.gov.ar\/site\/wp-content\/uploads\/2025\/02\/GOM9838-2048x1365.jpg 2048w, https:\/\/www.tunuyan.gov.ar\/site\/wp-content\/uploads\/2025\/02\/GOM9838-1080x720.jpg 1080w, https:\/\/www.tunuyan.gov.ar\/site\/wp-content\/uploads\/2025\/02\/GOM9838-1280x854.jpg 1280w, https:\/\/www.tunuyan.gov.ar\/site\/wp-content\/uploads\/2025\/02\/GOM9838-980x653.jpg 980w, https:\/\/www.tunuyan.gov.ar\/site\/wp-content\/uploads\/2025\/02\/GOM9838-480x320.jpg 480w\" sizes=\"(max-width: 1024px) 100vw, 1024px\" \/><\/a><\/figure>\n\n\n\n<figure class=\"wp-block-image size-large\"><a href=\"https:\/\/www.tunuyan.gov.ar\/site\/wp-content\/uploads\/2025\/02\/475585953_924980783145004_1568732008669801644_n.jpg\"><img decoding=\"async\" width=\"1024\" height=\"683\" data-id=\"23923\" src=\"https:\/\/www.tunuyan.gov.ar\/site\/wp-content\/uploads\/2025\/02\/475585953_924980783145004_1568732008669801644_n-1024x683.jpg\" alt=\"\" class=\"wp-image-23923\" srcset=\"https:\/\/www.tunuyan.gov.ar\/site\/wp-content\/uploads\/2025\/02\/475585953_924980783145004_1568732008669801644_n-1024x683.jpg 1024w, https:\/\/www.tunuyan.gov.ar\/site\/wp-content\/uploads\/2025\/02\/475585953_924980783145004_1568732008669801644_n-300x200.jpg 300w, https:\/\/www.tunuyan.gov.ar\/site\/wp-content\/uploads\/2025\/02\/475585953_924980783145004_1568732008669801644_n-768x512.jpg 768w, https:\/\/www.tunuyan.gov.ar\/site\/wp-content\/uploads\/2025\/02\/475585953_924980783145004_1568732008669801644_n-1536x1024.jpg 1536w, https:\/\/www.tunuyan.gov.ar\/site\/wp-content\/uploads\/2025\/02\/475585953_924980783145004_1568732008669801644_n-1080x720.jpg 1080w, https:\/\/www.tunuyan.gov.ar\/site\/wp-content\/uploads\/2025\/02\/475585953_924980783145004_1568732008669801644_n-1280x853.jpg 1280w, https:\/\/www.tunuyan.gov.ar\/site\/wp-content\/uploads\/2025\/02\/475585953_924980783145004_1568732008669801644_n-980x653.jpg 980w, https:\/\/www.tunuyan.gov.ar\/site\/wp-content\/uploads\/2025\/02\/475585953_924980783145004_1568732008669801644_n-480x320.jpg 480w, https:\/\/www.tunuyan.gov.ar\/site\/wp-content\/uploads\/2025\/02\/475585953_924980783145004_1568732008669801644_n.jpg 2048w\" sizes=\"(max-width: 1024px) 100vw, 1024px\" \/><\/a><\/figure>\n\n\n\n<figure class=\"wp-block-image size-large\"><a href=\"https:\/\/www.tunuyan.gov.ar\/site\/wp-content\/uploads\/2025\/02\/475969130_924980903144992_5784303992217360912_n.jpg\"><img decoding=\"async\" width=\"1024\" height=\"683\" data-id=\"23925\" src=\"https:\/\/www.tunuyan.gov.ar\/site\/wp-content\/uploads\/2025\/02\/475969130_924980903144992_5784303992217360912_n-1024x683.jpg\" alt=\"\" class=\"wp-image-23925\" srcset=\"https:\/\/www.tunuyan.gov.ar\/site\/wp-content\/uploads\/2025\/02\/475969130_924980903144992_5784303992217360912_n-1024x683.jpg 1024w, https:\/\/www.tunuyan.gov.ar\/site\/wp-content\/uploads\/2025\/02\/475969130_924980903144992_5784303992217360912_n-300x200.jpg 300w, https:\/\/www.tunuyan.gov.ar\/site\/wp-content\/uploads\/2025\/02\/475969130_924980903144992_5784303992217360912_n-768x512.jpg 768w, https:\/\/www.tunuyan.gov.ar\/site\/wp-content\/uploads\/2025\/02\/475969130_924980903144992_5784303992217360912_n-1536x1024.jpg 1536w, https:\/\/www.tunuyan.gov.ar\/site\/wp-content\/uploads\/2025\/02\/475969130_924980903144992_5784303992217360912_n-1080x720.jpg 1080w, https:\/\/www.tunuyan.gov.ar\/site\/wp-content\/uploads\/2025\/02\/475969130_924980903144992_5784303992217360912_n-1280x853.jpg 1280w, https:\/\/www.tunuyan.gov.ar\/site\/wp-content\/uploads\/2025\/02\/475969130_924980903144992_5784303992217360912_n-980x653.jpg 980w, https:\/\/www.tunuyan.gov.ar\/site\/wp-content\/uploads\/2025\/02\/475969130_924980903144992_5784303992217360912_n-480x320.jpg 480w, https:\/\/www.tunuyan.gov.ar\/site\/wp-content\/uploads\/2025\/02\/475969130_924980903144992_5784303992217360912_n.jpg 2048w\" sizes=\"(max-width: 1024px) 100vw, 1024px\" \/><\/a><\/figure>\n<\/figure>\n\n\n\n<figure class=\"wp-block-gallery has-nested-images columns-default is-cropped wp-block-gallery-2 is-layout-flex wp-block-gallery-is-layout-flex\">\n<figure class=\"wp-block-image size-large\"><a href=\"https:\/\/www.tunuyan.gov.ar\/site\/wp-content\/uploads\/2025\/02\/GOM9815-1.jpg\"><img loading=\"lazy\" decoding=\"async\" width=\"1024\" height=\"745\" data-id=\"23928\" src=\"https:\/\/www.tunuyan.gov.ar\/site\/wp-content\/uploads\/2025\/02\/GOM9815-1-1024x745.jpg\" alt=\"\" class=\"wp-image-23928\" srcset=\"https:\/\/www.tunuyan.gov.ar\/site\/wp-content\/uploads\/2025\/02\/GOM9815-1-1024x745.jpg 1024w, https:\/\/www.tunuyan.gov.ar\/site\/wp-content\/uploads\/2025\/02\/GOM9815-1-300x218.jpg 300w, https:\/\/www.tunuyan.gov.ar\/site\/wp-content\/uploads\/2025\/02\/GOM9815-1-768x559.jpg 768w, https:\/\/www.tunuyan.gov.ar\/site\/wp-content\/uploads\/2025\/02\/GOM9815-1-1536x1118.jpg 1536w, https:\/\/www.tunuyan.gov.ar\/site\/wp-content\/uploads\/2025\/02\/GOM9815-1-1080x786.jpg 1080w, https:\/\/www.tunuyan.gov.ar\/site\/wp-content\/uploads\/2025\/02\/GOM9815-1-1280x931.jpg 1280w, https:\/\/www.tunuyan.gov.ar\/site\/wp-content\/uploads\/2025\/02\/GOM9815-1-980x713.jpg 980w, https:\/\/www.tunuyan.gov.ar\/site\/wp-content\/uploads\/2025\/02\/GOM9815-1-480x349.jpg 480w, https:\/\/www.tunuyan.gov.ar\/site\/wp-content\/uploads\/2025\/02\/GOM9815-1.jpg 2048w\" sizes=\"(max-width: 1024px) 100vw, 1024px\" \/><\/a><\/figure>\n\n\n\n<figure class=\"wp-block-image size-large\"><a href=\"https:\/\/www.tunuyan.gov.ar\/site\/wp-content\/uploads\/2025\/02\/DSC_0595-1.jpg\"><img loading=\"lazy\" decoding=\"async\" width=\"1024\" height=\"683\" data-id=\"23927\" src=\"https:\/\/www.tunuyan.gov.ar\/site\/wp-content\/uploads\/2025\/02\/DSC_0595-1-1024x683.jpg\" alt=\"\" class=\"wp-image-23927\" srcset=\"https:\/\/www.tunuyan.gov.ar\/site\/wp-content\/uploads\/2025\/02\/DSC_0595-1-1024x683.jpg 1024w, https:\/\/www.tunuyan.gov.ar\/site\/wp-content\/uploads\/2025\/02\/DSC_0595-1-300x200.jpg 300w, https:\/\/www.tunuyan.gov.ar\/site\/wp-content\/uploads\/2025\/02\/DSC_0595-1-768x512.jpg 768w, https:\/\/www.tunuyan.gov.ar\/site\/wp-content\/uploads\/2025\/02\/DSC_0595-1-1536x1024.jpg 1536w, https:\/\/www.tunuyan.gov.ar\/site\/wp-content\/uploads\/2025\/02\/DSC_0595-1-1080x720.jpg 1080w, https:\/\/www.tunuyan.gov.ar\/site\/wp-content\/uploads\/2025\/02\/DSC_0595-1-1280x853.jpg 1280w, https:\/\/www.tunuyan.gov.ar\/site\/wp-content\/uploads\/2025\/02\/DSC_0595-1-980x653.jpg 980w, https:\/\/www.tunuyan.gov.ar\/site\/wp-content\/uploads\/2025\/02\/DSC_0595-1-480x320.jpg 480w, https:\/\/www.tunuyan.gov.ar\/site\/wp-content\/uploads\/2025\/02\/DSC_0595-1.jpg 2048w\" sizes=\"(max-width: 1024px) 100vw, 1024px\" \/><\/a><\/figure>\n\n\n\n<figure class=\"wp-block-image size-large\"><a href=\"https:\/\/www.tunuyan.gov.ar\/site\/wp-content\/uploads\/2025\/02\/475441460_924980883144994_1086023499455615019_n.jpg\"><img loading=\"lazy\" decoding=\"async\" width=\"1024\" height=\"982\" data-id=\"23930\" src=\"https:\/\/www.tunuyan.gov.ar\/site\/wp-content\/uploads\/2025\/02\/475441460_924980883144994_1086023499455615019_n-1024x982.jpg\" alt=\"\" class=\"wp-image-23930\" srcset=\"https:\/\/www.tunuyan.gov.ar\/site\/wp-content\/uploads\/2025\/02\/475441460_924980883144994_1086023499455615019_n-1024x982.jpg 1024w, https:\/\/www.tunuyan.gov.ar\/site\/wp-content\/uploads\/2025\/02\/475441460_924980883144994_1086023499455615019_n-300x288.jpg 300w, https:\/\/www.tunuyan.gov.ar\/site\/wp-content\/uploads\/2025\/02\/475441460_924980883144994_1086023499455615019_n-768x736.jpg 768w, https:\/\/www.tunuyan.gov.ar\/site\/wp-content\/uploads\/2025\/02\/475441460_924980883144994_1086023499455615019_n-1080x1035.jpg 1080w, https:\/\/www.tunuyan.gov.ar\/site\/wp-content\/uploads\/2025\/02\/475441460_924980883144994_1086023499455615019_n-1280x1227.jpg 1280w, https:\/\/www.tunuyan.gov.ar\/site\/wp-content\/uploads\/2025\/02\/475441460_924980883144994_1086023499455615019_n-980x940.jpg 980w, https:\/\/www.tunuyan.gov.ar\/site\/wp-content\/uploads\/2025\/02\/475441460_924980883144994_1086023499455615019_n-480x460.jpg 480w, https:\/\/www.tunuyan.gov.ar\/site\/wp-content\/uploads\/2025\/02\/475441460_924980883144994_1086023499455615019_n.jpg 1357w\" sizes=\"(max-width: 1024px) 100vw, 1024px\" \/><\/a><\/figure>\n<\/figure>\n\n\n\n<p class=\"has-medium-font-size\"><strong>Vendimia de Inspiraci\u00f3n: un espect\u00e1culo que honr\u00f3 la historia<\/strong><\/p>\n\n\n\n<p>La Vendimia de Tunuy\u00e1n volvi\u00f3 a emocionar a su gente con un espect\u00e1culo vibrante que combin\u00f3 m\u00fasica, historia y cultura local. Con m\u00e1s de 260 artistas en escena y m\u00fasicos en vivo, la puesta en escena recorri\u00f3 momentos ic\u00f3nicos de la regi\u00f3n y rindi\u00f3 homenaje a quienes han dejado una huella en la comunidad.<\/p>\n\n\n\n<p>La puesta en escena ofreci\u00f3 un recorrido visual y musical por la identidad de Tunuy\u00e1n. Con una pasarela que acercaba a los artistas al p\u00fablico y una pileta de agua que form\u00f3 parte de las coreograf\u00edas, cada cuadro art\u00edstico resalt\u00f3 un aspecto clave de la comunidad.<\/p>\n\n\n\n<p>Los vestuarios jugaron un papel fundamental: colores sobrios para los actos solemnes y una explosi\u00f3n de tonos vibrantes para los cuadros festivos. La selecci\u00f3n musical fusion\u00f3 cl\u00e1sicos del folklore con el rock nacional, y Zona de promesas sirvi\u00f3 como tel\u00f3n de fondo para recordar figuras emblem\u00e1ticas como Henry Ramona y el profesor Cali Amieva, quienes dejaron su impronta en la historia del departamento.<\/p>\n\n\n\n<p>Uno de los momentos m\u00e1s esperados fue la representaci\u00f3n de San Mart\u00edn y sus granaderos. Con una puesta esc\u00e9nica sobria y cuidadosamente elaborada, los bailarines lograron conmover al p\u00fablico al recrear la valent\u00eda y determinaci\u00f3n del libertador.<\/p>\n\n\n\n<p>El humor tambi\u00e9n tuvo su espacio. Un grupo de actrices locales present\u00f3 un pase de comedia inspirado en la vida cotidiana de Tunuy\u00e1n, con di\u00e1logos \u00e1giles y situaciones que hicieron re\u00edr al p\u00fablico. A trav\u00e9s de personajes entra\u00f1ables, la obra record\u00f3 an\u00e9cdotas del pueblo, resaltando la identidad y la idiosincrasia local. La interacci\u00f3n con el p\u00fablico y los gui\u00f1os a situaciones conocidas por los tunuyaninos lograron que este cuadro fuera uno de los m\u00e1s aplaudidos de la noche.<\/p>\n\n\n\n<p>Tambi\u00e9n la fiesta dio lugar a la presentaci\u00f3n del cantante Rodri Aveiro. Su voz y presencia esc\u00e9nica cautivaron a los asistentes mientras interpretaba temas de Luck Ra, adem\u00e1s de una canci\u00f3n de su propia autor\u00eda que conmovi\u00f3 al p\u00fablico. Hizo que las 11 candidatas y las reinas se levantara de sus sillas para bailar al ritmo del espect\u00e1culo.<\/p>\n\n\n\n<figure class=\"wp-block-gallery has-nested-images columns-default is-cropped wp-block-gallery-3 is-layout-flex wp-block-gallery-is-layout-flex\">\n<figure class=\"wp-block-image size-large\"><a href=\"https:\/\/www.tunuyan.gov.ar\/site\/wp-content\/uploads\/2025\/02\/GOM9989-copia-scaled.jpg\"><img loading=\"lazy\" decoding=\"async\" width=\"1024\" height=\"683\" data-id=\"23904\" src=\"https:\/\/www.tunuyan.gov.ar\/site\/wp-content\/uploads\/2025\/02\/GOM9989-copia-1024x683.jpg\" alt=\"\" class=\"wp-image-23904\" srcset=\"https:\/\/www.tunuyan.gov.ar\/site\/wp-content\/uploads\/2025\/02\/GOM9989-copia-1024x683.jpg 1024w, https:\/\/www.tunuyan.gov.ar\/site\/wp-content\/uploads\/2025\/02\/GOM9989-copia-300x200.jpg 300w, https:\/\/www.tunuyan.gov.ar\/site\/wp-content\/uploads\/2025\/02\/GOM9989-copia-768x512.jpg 768w, https:\/\/www.tunuyan.gov.ar\/site\/wp-content\/uploads\/2025\/02\/GOM9989-copia-1536x1024.jpg 1536w, https:\/\/www.tunuyan.gov.ar\/site\/wp-content\/uploads\/2025\/02\/GOM9989-copia-2048x1365.jpg 2048w, https:\/\/www.tunuyan.gov.ar\/site\/wp-content\/uploads\/2025\/02\/GOM9989-copia-1080x720.jpg 1080w, https:\/\/www.tunuyan.gov.ar\/site\/wp-content\/uploads\/2025\/02\/GOM9989-copia-1280x854.jpg 1280w, https:\/\/www.tunuyan.gov.ar\/site\/wp-content\/uploads\/2025\/02\/GOM9989-copia-980x653.jpg 980w, https:\/\/www.tunuyan.gov.ar\/site\/wp-content\/uploads\/2025\/02\/GOM9989-copia-480x320.jpg 480w\" sizes=\"(max-width: 1024px) 100vw, 1024px\" \/><\/a><\/figure>\n\n\n\n<figure class=\"wp-block-image size-large\"><a href=\"https:\/\/www.tunuyan.gov.ar\/site\/wp-content\/uploads\/2025\/02\/GOM9962-copia-scaled.jpg\"><img loading=\"lazy\" decoding=\"async\" width=\"1024\" height=\"693\" data-id=\"23905\" src=\"https:\/\/www.tunuyan.gov.ar\/site\/wp-content\/uploads\/2025\/02\/GOM9962-copia-1024x693.jpg\" alt=\"\" class=\"wp-image-23905\" srcset=\"https:\/\/www.tunuyan.gov.ar\/site\/wp-content\/uploads\/2025\/02\/GOM9962-copia-1024x693.jpg 1024w, https:\/\/www.tunuyan.gov.ar\/site\/wp-content\/uploads\/2025\/02\/GOM9962-copia-300x203.jpg 300w, https:\/\/www.tunuyan.gov.ar\/site\/wp-content\/uploads\/2025\/02\/GOM9962-copia-768x520.jpg 768w, https:\/\/www.tunuyan.gov.ar\/site\/wp-content\/uploads\/2025\/02\/GOM9962-copia-1536x1039.jpg 1536w, https:\/\/www.tunuyan.gov.ar\/site\/wp-content\/uploads\/2025\/02\/GOM9962-copia-2048x1386.jpg 2048w, https:\/\/www.tunuyan.gov.ar\/site\/wp-content\/uploads\/2025\/02\/GOM9962-copia-1080x731.jpg 1080w, https:\/\/www.tunuyan.gov.ar\/site\/wp-content\/uploads\/2025\/02\/GOM9962-copia-1280x866.jpg 1280w, https:\/\/www.tunuyan.gov.ar\/site\/wp-content\/uploads\/2025\/02\/GOM9962-copia-980x663.jpg 980w, https:\/\/www.tunuyan.gov.ar\/site\/wp-content\/uploads\/2025\/02\/GOM9962-copia-480x325.jpg 480w\" sizes=\"(max-width: 1024px) 100vw, 1024px\" \/><\/a><\/figure>\n\n\n\n<figure class=\"wp-block-image size-large\"><a href=\"https:\/\/www.tunuyan.gov.ar\/site\/wp-content\/uploads\/2025\/02\/GOM9922-copia-scaled.jpg\"><img loading=\"lazy\" decoding=\"async\" width=\"1024\" height=\"683\" data-id=\"23902\" src=\"https:\/\/www.tunuyan.gov.ar\/site\/wp-content\/uploads\/2025\/02\/GOM9922-copia-1024x683.jpg\" alt=\"\" class=\"wp-image-23902\" srcset=\"https:\/\/www.tunuyan.gov.ar\/site\/wp-content\/uploads\/2025\/02\/GOM9922-copia-1024x683.jpg 1024w, https:\/\/www.tunuyan.gov.ar\/site\/wp-content\/uploads\/2025\/02\/GOM9922-copia-300x200.jpg 300w, https:\/\/www.tunuyan.gov.ar\/site\/wp-content\/uploads\/2025\/02\/GOM9922-copia-768x512.jpg 768w, https:\/\/www.tunuyan.gov.ar\/site\/wp-content\/uploads\/2025\/02\/GOM9922-copia-1536x1024.jpg 1536w, https:\/\/www.tunuyan.gov.ar\/site\/wp-content\/uploads\/2025\/02\/GOM9922-copia-2048x1365.jpg 2048w, https:\/\/www.tunuyan.gov.ar\/site\/wp-content\/uploads\/2025\/02\/GOM9922-copia-1080x720.jpg 1080w, https:\/\/www.tunuyan.gov.ar\/site\/wp-content\/uploads\/2025\/02\/GOM9922-copia-1280x854.jpg 1280w, https:\/\/www.tunuyan.gov.ar\/site\/wp-content\/uploads\/2025\/02\/GOM9922-copia-980x653.jpg 980w, https:\/\/www.tunuyan.gov.ar\/site\/wp-content\/uploads\/2025\/02\/GOM9922-copia-480x320.jpg 480w\" sizes=\"(max-width: 1024px) 100vw, 1024px\" \/><\/a><\/figure>\n\n\n\n<figure class=\"wp-block-image size-large\"><a href=\"https:\/\/www.tunuyan.gov.ar\/site\/wp-content\/uploads\/2025\/02\/GOM0380-copia-scaled.jpg\"><img loading=\"lazy\" decoding=\"async\" width=\"1024\" height=\"683\" data-id=\"23903\" src=\"https:\/\/www.tunuyan.gov.ar\/site\/wp-content\/uploads\/2025\/02\/GOM0380-copia-1024x683.jpg\" alt=\"\" class=\"wp-image-23903\" srcset=\"https:\/\/www.tunuyan.gov.ar\/site\/wp-content\/uploads\/2025\/02\/GOM0380-copia-1024x683.jpg 1024w, https:\/\/www.tunuyan.gov.ar\/site\/wp-content\/uploads\/2025\/02\/GOM0380-copia-300x200.jpg 300w, https:\/\/www.tunuyan.gov.ar\/site\/wp-content\/uploads\/2025\/02\/GOM0380-copia-768x512.jpg 768w, https:\/\/www.tunuyan.gov.ar\/site\/wp-content\/uploads\/2025\/02\/GOM0380-copia-1536x1024.jpg 1536w, https:\/\/www.tunuyan.gov.ar\/site\/wp-content\/uploads\/2025\/02\/GOM0380-copia-2048x1365.jpg 2048w, https:\/\/www.tunuyan.gov.ar\/site\/wp-content\/uploads\/2025\/02\/GOM0380-copia-1080x720.jpg 1080w, https:\/\/www.tunuyan.gov.ar\/site\/wp-content\/uploads\/2025\/02\/GOM0380-copia-1280x854.jpg 1280w, https:\/\/www.tunuyan.gov.ar\/site\/wp-content\/uploads\/2025\/02\/GOM0380-copia-980x653.jpg 980w, https:\/\/www.tunuyan.gov.ar\/site\/wp-content\/uploads\/2025\/02\/GOM0380-copia-480x320.jpg 480w\" sizes=\"(max-width: 1024px) 100vw, 1024px\" \/><\/a><\/figure>\n\n\n\n<figure class=\"wp-block-image size-large\"><a href=\"https:\/\/www.tunuyan.gov.ar\/site\/wp-content\/uploads\/2025\/02\/GOM0530-copia-scaled.jpg\"><img loading=\"lazy\" decoding=\"async\" width=\"1024\" height=\"683\" data-id=\"23901\" src=\"https:\/\/www.tunuyan.gov.ar\/site\/wp-content\/uploads\/2025\/02\/GOM0530-copia-1024x683.jpg\" alt=\"\" class=\"wp-image-23901\" srcset=\"https:\/\/www.tunuyan.gov.ar\/site\/wp-content\/uploads\/2025\/02\/GOM0530-copia-1024x683.jpg 1024w, https:\/\/www.tunuyan.gov.ar\/site\/wp-content\/uploads\/2025\/02\/GOM0530-copia-300x200.jpg 300w, https:\/\/www.tunuyan.gov.ar\/site\/wp-content\/uploads\/2025\/02\/GOM0530-copia-768x512.jpg 768w, https:\/\/www.tunuyan.gov.ar\/site\/wp-content\/uploads\/2025\/02\/GOM0530-copia-1536x1024.jpg 1536w, https:\/\/www.tunuyan.gov.ar\/site\/wp-content\/uploads\/2025\/02\/GOM0530-copia-2048x1365.jpg 2048w, https:\/\/www.tunuyan.gov.ar\/site\/wp-content\/uploads\/2025\/02\/GOM0530-copia-1080x720.jpg 1080w, https:\/\/www.tunuyan.gov.ar\/site\/wp-content\/uploads\/2025\/02\/GOM0530-copia-1280x854.jpg 1280w, https:\/\/www.tunuyan.gov.ar\/site\/wp-content\/uploads\/2025\/02\/GOM0530-copia-980x653.jpg 980w, https:\/\/www.tunuyan.gov.ar\/site\/wp-content\/uploads\/2025\/02\/GOM0530-copia-480x320.jpg 480w\" sizes=\"(max-width: 1024px) 100vw, 1024px\" \/><\/a><\/figure>\n\n\n\n<figure class=\"wp-block-image size-large\"><a href=\"https:\/\/www.tunuyan.gov.ar\/site\/wp-content\/uploads\/2025\/02\/GOM0259-copia-scaled.jpg\"><img loading=\"lazy\" decoding=\"async\" width=\"1024\" height=\"683\" data-id=\"23900\" src=\"https:\/\/www.tunuyan.gov.ar\/site\/wp-content\/uploads\/2025\/02\/GOM0259-copia-1024x683.jpg\" alt=\"\" class=\"wp-image-23900\" srcset=\"https:\/\/www.tunuyan.gov.ar\/site\/wp-content\/uploads\/2025\/02\/GOM0259-copia-1024x683.jpg 1024w, https:\/\/www.tunuyan.gov.ar\/site\/wp-content\/uploads\/2025\/02\/GOM0259-copia-300x200.jpg 300w, https:\/\/www.tunuyan.gov.ar\/site\/wp-content\/uploads\/2025\/02\/GOM0259-copia-768x512.jpg 768w, https:\/\/www.tunuyan.gov.ar\/site\/wp-content\/uploads\/2025\/02\/GOM0259-copia-1536x1024.jpg 1536w, https:\/\/www.tunuyan.gov.ar\/site\/wp-content\/uploads\/2025\/02\/GOM0259-copia-2048x1365.jpg 2048w, https:\/\/www.tunuyan.gov.ar\/site\/wp-content\/uploads\/2025\/02\/GOM0259-copia-1080x720.jpg 1080w, https:\/\/www.tunuyan.gov.ar\/site\/wp-content\/uploads\/2025\/02\/GOM0259-copia-1280x854.jpg 1280w, https:\/\/www.tunuyan.gov.ar\/site\/wp-content\/uploads\/2025\/02\/GOM0259-copia-980x653.jpg 980w, https:\/\/www.tunuyan.gov.ar\/site\/wp-content\/uploads\/2025\/02\/GOM0259-copia-480x320.jpg 480w\" sizes=\"(max-width: 1024px) 100vw, 1024px\" \/><\/a><\/figure>\n<\/figure>\n\n\n\n<p class=\"has-medium-font-size\"><strong>Elecci\u00f3n y coronaci\u00f3n de las soberanas<\/strong><\/p>\n\n\n\n<p>La emoci\u00f3n alcanz\u00f3 su punto m\u00e1s alto con la elecci\u00f3n de las nuevas soberanas. Naomi Gim\u00e9nez, representante de Vista Flores, fue coronada como Reina Departamental de la Vendimia, acompa\u00f1ada por su Virreina, Ana Rodr\u00edguez, del Rotary Club El Portillo. El p\u00fablico estall\u00f3 en aplausos y las barras de cada candidata celebraron con alegr\u00eda.<\/p>\n\n\n\n<p>En el Festival Nacional de la Tonada, la corona qued\u00f3 en manos de Aixa Retamales, representante de La Juana Caf\u00e9 Restobar, mientras que su Virreina, Lara Rajic, de FM del R\u00edo, comparti\u00f3 los honores. Ambas fueron ovacionadas en el escenario.<\/p>\n\n\n\n<figure class=\"wp-block-gallery has-nested-images columns-default is-cropped wp-block-gallery-4 is-layout-flex wp-block-gallery-is-layout-flex\">\n<figure class=\"wp-block-image size-large\"><a href=\"https:\/\/www.tunuyan.gov.ar\/site\/wp-content\/uploads\/2025\/02\/475457728_925085169801232_2057272085671679639_n.jpg\"><img loading=\"lazy\" decoding=\"async\" width=\"1024\" height=\"839\" data-id=\"23917\" src=\"https:\/\/www.tunuyan.gov.ar\/site\/wp-content\/uploads\/2025\/02\/475457728_925085169801232_2057272085671679639_n-1024x839.jpg\" alt=\"\" class=\"wp-image-23917\" srcset=\"https:\/\/www.tunuyan.gov.ar\/site\/wp-content\/uploads\/2025\/02\/475457728_925085169801232_2057272085671679639_n-1024x839.jpg 1024w, https:\/\/www.tunuyan.gov.ar\/site\/wp-content\/uploads\/2025\/02\/475457728_925085169801232_2057272085671679639_n-300x246.jpg 300w, https:\/\/www.tunuyan.gov.ar\/site\/wp-content\/uploads\/2025\/02\/475457728_925085169801232_2057272085671679639_n-768x629.jpg 768w, https:\/\/www.tunuyan.gov.ar\/site\/wp-content\/uploads\/2025\/02\/475457728_925085169801232_2057272085671679639_n-1536x1259.jpg 1536w, https:\/\/www.tunuyan.gov.ar\/site\/wp-content\/uploads\/2025\/02\/475457728_925085169801232_2057272085671679639_n-1080x885.jpg 1080w, https:\/\/www.tunuyan.gov.ar\/site\/wp-content\/uploads\/2025\/02\/475457728_925085169801232_2057272085671679639_n-1280x1049.jpg 1280w, https:\/\/www.tunuyan.gov.ar\/site\/wp-content\/uploads\/2025\/02\/475457728_925085169801232_2057272085671679639_n-980x803.jpg 980w, https:\/\/www.tunuyan.gov.ar\/site\/wp-content\/uploads\/2025\/02\/475457728_925085169801232_2057272085671679639_n-480x393.jpg 480w, https:\/\/www.tunuyan.gov.ar\/site\/wp-content\/uploads\/2025\/02\/475457728_925085169801232_2057272085671679639_n.jpg 2048w\" sizes=\"(max-width: 1024px) 100vw, 1024px\" \/><\/a><\/figure>\n\n\n\n<figure class=\"wp-block-image size-large\"><a href=\"https:\/\/www.tunuyan.gov.ar\/site\/wp-content\/uploads\/2025\/02\/475810980_925085073134575_173999976739679823_n.jpg\"><img loading=\"lazy\" decoding=\"async\" width=\"1024\" height=\"836\" data-id=\"23916\" src=\"https:\/\/www.tunuyan.gov.ar\/site\/wp-content\/uploads\/2025\/02\/475810980_925085073134575_173999976739679823_n-1024x836.jpg\" alt=\"\" class=\"wp-image-23916\" srcset=\"https:\/\/www.tunuyan.gov.ar\/site\/wp-content\/uploads\/2025\/02\/475810980_925085073134575_173999976739679823_n-1024x836.jpg 1024w, https:\/\/www.tunuyan.gov.ar\/site\/wp-content\/uploads\/2025\/02\/475810980_925085073134575_173999976739679823_n-300x245.jpg 300w, https:\/\/www.tunuyan.gov.ar\/site\/wp-content\/uploads\/2025\/02\/475810980_925085073134575_173999976739679823_n-768x627.jpg 768w, https:\/\/www.tunuyan.gov.ar\/site\/wp-content\/uploads\/2025\/02\/475810980_925085073134575_173999976739679823_n-1536x1253.jpg 1536w, https:\/\/www.tunuyan.gov.ar\/site\/wp-content\/uploads\/2025\/02\/475810980_925085073134575_173999976739679823_n-1080x881.jpg 1080w, https:\/\/www.tunuyan.gov.ar\/site\/wp-content\/uploads\/2025\/02\/475810980_925085073134575_173999976739679823_n-1280x1044.jpg 1280w, https:\/\/www.tunuyan.gov.ar\/site\/wp-content\/uploads\/2025\/02\/475810980_925085073134575_173999976739679823_n-980x800.jpg 980w, https:\/\/www.tunuyan.gov.ar\/site\/wp-content\/uploads\/2025\/02\/475810980_925085073134575_173999976739679823_n-480x392.jpg 480w, https:\/\/www.tunuyan.gov.ar\/site\/wp-content\/uploads\/2025\/02\/475810980_925085073134575_173999976739679823_n.jpg 2048w\" sizes=\"(max-width: 1024px) 100vw, 1024px\" \/><\/a><\/figure>\n\n\n\n<figure class=\"wp-block-image size-large\"><a href=\"https:\/\/www.tunuyan.gov.ar\/site\/wp-content\/uploads\/2025\/02\/475821483_925085099801239_3976053869748821733_n.jpg\"><img loading=\"lazy\" decoding=\"async\" width=\"683\" height=\"1024\" data-id=\"23915\" src=\"https:\/\/www.tunuyan.gov.ar\/site\/wp-content\/uploads\/2025\/02\/475821483_925085099801239_3976053869748821733_n-683x1024.jpg\" alt=\"\" class=\"wp-image-23915\" srcset=\"https:\/\/www.tunuyan.gov.ar\/site\/wp-content\/uploads\/2025\/02\/475821483_925085099801239_3976053869748821733_n-683x1024.jpg 683w, https:\/\/www.tunuyan.gov.ar\/site\/wp-content\/uploads\/2025\/02\/475821483_925085099801239_3976053869748821733_n-200x300.jpg 200w, https:\/\/www.tunuyan.gov.ar\/site\/wp-content\/uploads\/2025\/02\/475821483_925085099801239_3976053869748821733_n-768x1152.jpg 768w, https:\/\/www.tunuyan.gov.ar\/site\/wp-content\/uploads\/2025\/02\/475821483_925085099801239_3976053869748821733_n-1024x1536.jpg 1024w, https:\/\/www.tunuyan.gov.ar\/site\/wp-content\/uploads\/2025\/02\/475821483_925085099801239_3976053869748821733_n-1080x1620.jpg 1080w, https:\/\/www.tunuyan.gov.ar\/site\/wp-content\/uploads\/2025\/02\/475821483_925085099801239_3976053869748821733_n-1280x1920.jpg 1280w, https:\/\/www.tunuyan.gov.ar\/site\/wp-content\/uploads\/2025\/02\/475821483_925085099801239_3976053869748821733_n-980x1470.jpg 980w, https:\/\/www.tunuyan.gov.ar\/site\/wp-content\/uploads\/2025\/02\/475821483_925085099801239_3976053869748821733_n-480x720.jpg 480w, https:\/\/www.tunuyan.gov.ar\/site\/wp-content\/uploads\/2025\/02\/475821483_925085099801239_3976053869748821733_n.jpg 1365w\" sizes=\"(max-width: 683px) 100vw, 683px\" \/><\/a><\/figure>\n<\/figure>\n\n\n\n<p class=\"has-medium-font-size\"><strong>Los Pericos con un setlist exquisito<\/strong><\/p>\n\n\n\n<p>El grupo Entre Nos, con sus covers de los cl\u00e1sicos del rock nacional, prepar\u00f3 el ambiente para el show de Los Pericos.<\/p>\n\n\n\n<p>Los Pericos, la legendaria banda de reggae y ska, se reencontr\u00f3 con Mendoza luego de 38 a\u00f1os de su primera gran presentaci\u00f3n en la provincia, y lo hizo con un show arrollador. Desde el primer acorde, el anfiteatro se convirti\u00f3 en un torbellino de energ\u00eda, con miles de voces coreando cada canci\u00f3n.<\/p>\n\n\n\n<p>El setlist llev\u00f3 al p\u00fablico en un recorrido por cada etapa de su trayectoria. Con himnos como \u00abRunaway\u00bb, \u00abEl ritual de la banana\u00bb, \u201cEu vi llegar\u201d, \u201cCasi nunca lo ves\u201d, \u00abWaiting for you love\u00bb y \u00abPupilas lejanas\u00bb, hicieron saltar al p\u00fablico, demostrando que su m\u00fasica sigue m\u00e1s vigente que nunca. El juego de pantallas junto a la m\u00fasica transport\u00f3 a los asistentes a otro planeta, generando un espect\u00e1culo visual que complement\u00f3 la potencia sonora de la banda. Con un sonido impecable y una conexi\u00f3n de siempre con el p\u00fablico, Juanchi Baleir\u00f3n y los m\u00fasicos hicieron de la noche una celebraci\u00f3n de la m\u00fasica y la historia del rock nacional.&nbsp;<\/p>\n\n\n\n<figure class=\"wp-block-gallery has-nested-images columns-default is-cropped wp-block-gallery-5 is-layout-flex wp-block-gallery-is-layout-flex\">\n<figure class=\"wp-block-image size-large\"><a href=\"https:\/\/www.tunuyan.gov.ar\/site\/wp-content\/uploads\/2025\/02\/WhatsApp-Image-2025-02-01-at-12.03.12-PM-1.jpeg\"><img loading=\"lazy\" decoding=\"async\" width=\"1024\" height=\"717\" data-id=\"23918\" src=\"https:\/\/www.tunuyan.gov.ar\/site\/wp-content\/uploads\/2025\/02\/WhatsApp-Image-2025-02-01-at-12.03.12-PM-1-1024x717.jpeg\" alt=\"\" class=\"wp-image-23918\" srcset=\"https:\/\/www.tunuyan.gov.ar\/site\/wp-content\/uploads\/2025\/02\/WhatsApp-Image-2025-02-01-at-12.03.12-PM-1-1024x717.jpeg 1024w, https:\/\/www.tunuyan.gov.ar\/site\/wp-content\/uploads\/2025\/02\/WhatsApp-Image-2025-02-01-at-12.03.12-PM-1-300x210.jpeg 300w, https:\/\/www.tunuyan.gov.ar\/site\/wp-content\/uploads\/2025\/02\/WhatsApp-Image-2025-02-01-at-12.03.12-PM-1-768x538.jpeg 768w, https:\/\/www.tunuyan.gov.ar\/site\/wp-content\/uploads\/2025\/02\/WhatsApp-Image-2025-02-01-at-12.03.12-PM-1-1536x1075.jpeg 1536w, https:\/\/www.tunuyan.gov.ar\/site\/wp-content\/uploads\/2025\/02\/WhatsApp-Image-2025-02-01-at-12.03.12-PM-1-1080x756.jpeg 1080w, https:\/\/www.tunuyan.gov.ar\/site\/wp-content\/uploads\/2025\/02\/WhatsApp-Image-2025-02-01-at-12.03.12-PM-1-1280x896.jpeg 1280w, https:\/\/www.tunuyan.gov.ar\/site\/wp-content\/uploads\/2025\/02\/WhatsApp-Image-2025-02-01-at-12.03.12-PM-1-980x686.jpeg 980w, https:\/\/www.tunuyan.gov.ar\/site\/wp-content\/uploads\/2025\/02\/WhatsApp-Image-2025-02-01-at-12.03.12-PM-1-480x336.jpeg 480w, https:\/\/www.tunuyan.gov.ar\/site\/wp-content\/uploads\/2025\/02\/WhatsApp-Image-2025-02-01-at-12.03.12-PM-1.jpeg 1600w\" sizes=\"(max-width: 1024px) 100vw, 1024px\" \/><\/a><\/figure>\n\n\n\n<figure class=\"wp-block-image size-large\"><a href=\"https:\/\/www.tunuyan.gov.ar\/site\/wp-content\/uploads\/2025\/02\/WhatsApp-Image-2025-02-01-at-12.03.11-PM-1.jpeg\"><img loading=\"lazy\" decoding=\"async\" width=\"1024\" height=\"682\" data-id=\"23919\" src=\"https:\/\/www.tunuyan.gov.ar\/site\/wp-content\/uploads\/2025\/02\/WhatsApp-Image-2025-02-01-at-12.03.11-PM-1-1024x682.jpeg\" alt=\"\" class=\"wp-image-23919\" srcset=\"https:\/\/www.tunuyan.gov.ar\/site\/wp-content\/uploads\/2025\/02\/WhatsApp-Image-2025-02-01-at-12.03.11-PM-1-1024x682.jpeg 1024w, https:\/\/www.tunuyan.gov.ar\/site\/wp-content\/uploads\/2025\/02\/WhatsApp-Image-2025-02-01-at-12.03.11-PM-1-300x200.jpeg 300w, https:\/\/www.tunuyan.gov.ar\/site\/wp-content\/uploads\/2025\/02\/WhatsApp-Image-2025-02-01-at-12.03.11-PM-1-768x512.jpeg 768w, https:\/\/www.tunuyan.gov.ar\/site\/wp-content\/uploads\/2025\/02\/WhatsApp-Image-2025-02-01-at-12.03.11-PM-1-1536x1023.jpeg 1536w, https:\/\/www.tunuyan.gov.ar\/site\/wp-content\/uploads\/2025\/02\/WhatsApp-Image-2025-02-01-at-12.03.11-PM-1-1080x720.jpeg 1080w, https:\/\/www.tunuyan.gov.ar\/site\/wp-content\/uploads\/2025\/02\/WhatsApp-Image-2025-02-01-at-12.03.11-PM-1-1280x853.jpeg 1280w, https:\/\/www.tunuyan.gov.ar\/site\/wp-content\/uploads\/2025\/02\/WhatsApp-Image-2025-02-01-at-12.03.11-PM-1-980x653.jpeg 980w, https:\/\/www.tunuyan.gov.ar\/site\/wp-content\/uploads\/2025\/02\/WhatsApp-Image-2025-02-01-at-12.03.11-PM-1-480x320.jpeg 480w, https:\/\/www.tunuyan.gov.ar\/site\/wp-content\/uploads\/2025\/02\/WhatsApp-Image-2025-02-01-at-12.03.11-PM-1.jpeg 1600w\" sizes=\"(max-width: 1024px) 100vw, 1024px\" \/><\/a><\/figure>\n\n\n\n<figure class=\"wp-block-image size-large\"><a href=\"https:\/\/www.tunuyan.gov.ar\/site\/wp-content\/uploads\/2025\/02\/WhatsApp-Image-2025-02-01-at-12.03.11-PM.jpeg\"><img loading=\"lazy\" decoding=\"async\" width=\"1024\" height=\"788\" data-id=\"23920\" src=\"https:\/\/www.tunuyan.gov.ar\/site\/wp-content\/uploads\/2025\/02\/WhatsApp-Image-2025-02-01-at-12.03.11-PM-1024x788.jpeg\" alt=\"\" class=\"wp-image-23920\" srcset=\"https:\/\/www.tunuyan.gov.ar\/site\/wp-content\/uploads\/2025\/02\/WhatsApp-Image-2025-02-01-at-12.03.11-PM-1024x788.jpeg 1024w, https:\/\/www.tunuyan.gov.ar\/site\/wp-content\/uploads\/2025\/02\/WhatsApp-Image-2025-02-01-at-12.03.11-PM-300x231.jpeg 300w, https:\/\/www.tunuyan.gov.ar\/site\/wp-content\/uploads\/2025\/02\/WhatsApp-Image-2025-02-01-at-12.03.11-PM-768x591.jpeg 768w, https:\/\/www.tunuyan.gov.ar\/site\/wp-content\/uploads\/2025\/02\/WhatsApp-Image-2025-02-01-at-12.03.11-PM-1536x1182.jpeg 1536w, https:\/\/www.tunuyan.gov.ar\/site\/wp-content\/uploads\/2025\/02\/WhatsApp-Image-2025-02-01-at-12.03.11-PM-1080x831.jpeg 1080w, https:\/\/www.tunuyan.gov.ar\/site\/wp-content\/uploads\/2025\/02\/WhatsApp-Image-2025-02-01-at-12.03.11-PM-1280x985.jpeg 1280w, https:\/\/www.tunuyan.gov.ar\/site\/wp-content\/uploads\/2025\/02\/WhatsApp-Image-2025-02-01-at-12.03.11-PM-980x754.jpeg 980w, https:\/\/www.tunuyan.gov.ar\/site\/wp-content\/uploads\/2025\/02\/WhatsApp-Image-2025-02-01-at-12.03.11-PM-480x369.jpeg 480w, https:\/\/www.tunuyan.gov.ar\/site\/wp-content\/uploads\/2025\/02\/WhatsApp-Image-2025-02-01-at-12.03.11-PM.jpeg 1600w\" sizes=\"(max-width: 1024px) 100vw, 1024px\" \/><\/a><\/figure>\n<\/figure>\n\n\n\n<p>La Vendimia de Inspiraci\u00f3n reafirm\u00f3 el sentido de identidad y orgullo de Tunuy\u00e1n, uniendo pasado y presente en una celebraci\u00f3n que, una vez m\u00e1s, destac\u00f3 la esencia de su gente y su cultura.<\/p>\n","protected":false},"excerpt":{"rendered":"<p>Bendici\u00f3n de los Frutos, Vendimia de Inspiraci\u00f3n, Coronaci\u00f3n de Soberanas y Los Pericos.<\/p>\n","protected":false},"author":6,"featured_media":23932,"comment_status":"closed","ping_status":"closed","sticky":false,"template":"","format":"standard","meta":{"footnotes":""},"categories":[24],"tags":[],"class_list":["post-23895","post","type-post","status-publish","format-standard","has-post-thumbnail","hentry","category-noticias"],"_links":{"self":[{"href":"https:\/\/www.tunuyan.gov.ar\/site\/wp-json\/wp\/v2\/posts\/23895","targetHints":{"allow":["GET"]}}],"collection":[{"href":"https:\/\/www.tunuyan.gov.ar\/site\/wp-json\/wp\/v2\/posts"}],"about":[{"href":"https:\/\/www.tunuyan.gov.ar\/site\/wp-json\/wp\/v2\/types\/post"}],"author":[{"embeddable":true,"href":"https:\/\/www.tunuyan.gov.ar\/site\/wp-json\/wp\/v2\/users\/6"}],"replies":[{"embeddable":true,"href":"https:\/\/www.tunuyan.gov.ar\/site\/wp-json\/wp\/v2\/comments?post=23895"}],"version-history":[{"count":2,"href":"https:\/\/www.tunuyan.gov.ar\/site\/wp-json\/wp\/v2\/posts\/23895\/revisions"}],"predecessor-version":[{"id":23934,"href":"https:\/\/www.tunuyan.gov.ar\/site\/wp-json\/wp\/v2\/posts\/23895\/revisions\/23934"}],"wp:featuredmedia":[{"embeddable":true,"href":"https:\/\/www.tunuyan.gov.ar\/site\/wp-json\/wp\/v2\/media\/23932"}],"wp:attachment":[{"href":"https:\/\/www.tunuyan.gov.ar\/site\/wp-json\/wp\/v2\/media?parent=23895"}],"wp:term":[{"taxonomy":"category","embeddable":true,"href":"https:\/\/www.tunuyan.gov.ar\/site\/wp-json\/wp\/v2\/categories?post=23895"},{"taxonomy":"post_tag","embeddable":true,"href":"https:\/\/www.tunuyan.gov.ar\/site\/wp-json\/wp\/v2\/tags?post=23895"}],"curies":[{"name":"wp","href":"https:\/\/api.w.org\/{rel}","templated":true}]}}