{"id":24566,"date":"2025-05-08T11:00:00","date_gmt":"2025-05-08T14:00:00","guid":{"rendered":"https:\/\/www.tunuyan.gov.ar\/site\/?p=24566"},"modified":"2025-05-08T17:50:15","modified_gmt":"2025-05-08T20:50:15","slug":"emprendedores-se-capacitan-en-herramientas-digitales","status":"publish","type":"post","link":"https:\/\/www.tunuyan.gov.ar\/site\/emprendedores-se-capacitan-en-herramientas-digitales\/","title":{"rendered":"Emprendedores se capacitan en herramientas digitales"},"content":{"rendered":"\n<p class=\"has-medium-font-size\"><strong>El municipio ofreci\u00f3 un taller gratuito orientado a comerciantes, pymes y emprendedores locales, con foco en redes sociales, branding y estrategias de contenido.<\/strong><\/p>\n\n\n\n<p>En el marco de generar redes de apoyo en el desarrollo econ\u00f3mico local, la Municipalidad de Tunuy\u00e1n llev\u00f3 adelante una capacitaci\u00f3n gratuita destinada a emprendedores, comerciantes y pymes del departamento. La iniciativa busc\u00f3 brindar herramientas concretas para mejorar la presencia digital de los proyectos y fortalecer su identidad de marca en entornos virtuales.<\/p>\n\n\n\n<p>El taller, compuesto por dos clases intensivas, estuvo a cargo de los capacitadores Lucas G\u00f3mez, Santiago Gand\u00eda y Florencia Fern\u00e1ndez, y cont\u00f3 con la participaci\u00f3n de 20 asistentes. A lo largo de los encuentros, se abordaron temas clave como:<\/p>\n\n\n\n<ul class=\"wp-block-list\">\n<li>Fotograf\u00eda con celular orientada a productos y servicios<\/li>\n\n\n\n<li>Formatos y dise\u00f1o visual para redes sociales<\/li>\n\n\n\n<li>Estrategias de publicaci\u00f3n, historias y reels<\/li>\n\n\n\n<li>Branding, identidad visual y posicionamiento digital<\/li>\n<\/ul>\n\n\n\n<p>La propuesta fue organizada por la Direcci\u00f3n de Desarrollo Econ\u00f3mico y tuvo como eje principal <strong>la aplicaci\u00f3n pr\u00e1ctica de contenidos digitales para potenciar las ventas y la visibilidad de emprendimientos locales<\/strong>.<\/p>\n\n\n\n<p>Durante el cierre del encuentro, el intendente Emir Andraos destac\u00f3 la importancia de brindar capacitaciones enfocadas en la calidad y las necesidades reales del sector: \u201cLo que buscamos es que estos espacios sirvan verdaderamente. No se trata de hacer muchos talleres, sino de hacerlos bien, con impacto. Que quienes participan se lleven herramientas \u00fatiles, que las apliquen, y que esto se multiplique en sus redes, en sus entornos. Hay mucho talento en Tunuy\u00e1n, y el rol del Estado es generar ese v\u00ednculo entre la gente y los recursos.\u201d<\/p>\n\n\n\n<p>Desde el municipio se inform\u00f3 que se continuar\u00e1 trabajando en la generaci\u00f3n de espacios formativos vinculados al mundo digital, articulando con instituciones, profesionales y referentes del sector privado para seguir impulsando el crecimiento de los emprendimientos locales.<\/p>\n\n\n\n<figure class=\"wp-block-image size-large\"><a href=\"https:\/\/www.tunuyan.gov.ar\/site\/wp-content\/uploads\/2025\/05\/WhatsApp-Image-2025-05-08-at-17.47.19.jpeg\"><img fetchpriority=\"high\" decoding=\"async\" width=\"1024\" height=\"640\" src=\"https:\/\/www.tunuyan.gov.ar\/site\/wp-content\/uploads\/2025\/05\/WhatsApp-Image-2025-05-08-at-17.47.19-1024x640.jpeg\" alt=\"\" class=\"wp-image-24576\" srcset=\"https:\/\/www.tunuyan.gov.ar\/site\/wp-content\/uploads\/2025\/05\/WhatsApp-Image-2025-05-08-at-17.47.19-1024x640.jpeg 1024w, https:\/\/www.tunuyan.gov.ar\/site\/wp-content\/uploads\/2025\/05\/WhatsApp-Image-2025-05-08-at-17.47.19-300x188.jpeg 300w, https:\/\/www.tunuyan.gov.ar\/site\/wp-content\/uploads\/2025\/05\/WhatsApp-Image-2025-05-08-at-17.47.19-768x480.jpeg 768w, https:\/\/www.tunuyan.gov.ar\/site\/wp-content\/uploads\/2025\/05\/WhatsApp-Image-2025-05-08-at-17.47.19-400x250.jpeg 400w, https:\/\/www.tunuyan.gov.ar\/site\/wp-content\/uploads\/2025\/05\/WhatsApp-Image-2025-05-08-at-17.47.19-980x613.jpeg 980w, https:\/\/www.tunuyan.gov.ar\/site\/wp-content\/uploads\/2025\/05\/WhatsApp-Image-2025-05-08-at-17.47.19-480x300.jpeg 480w, https:\/\/www.tunuyan.gov.ar\/site\/wp-content\/uploads\/2025\/05\/WhatsApp-Image-2025-05-08-at-17.47.19.jpeg 1080w\" sizes=\"(max-width: 1024px) 100vw, 1024px\" \/><\/a><\/figure>\n","protected":false},"excerpt":{"rendered":"<p>Impulso local, desarrollo econ\u00f3mico.<\/p>\n","protected":false},"author":4,"featured_media":24575,"comment_status":"closed","ping_status":"closed","sticky":false,"template":"","format":"standard","meta":{"footnotes":""},"categories":[24],"tags":[],"class_list":["post-24566","post","type-post","status-publish","format-standard","has-post-thumbnail","hentry","category-noticias"],"_links":{"self":[{"href":"https:\/\/www.tunuyan.gov.ar\/site\/wp-json\/wp\/v2\/posts\/24566","targetHints":{"allow":["GET"]}}],"collection":[{"href":"https:\/\/www.tunuyan.gov.ar\/site\/wp-json\/wp\/v2\/posts"}],"about":[{"href":"https:\/\/www.tunuyan.gov.ar\/site\/wp-json\/wp\/v2\/types\/post"}],"author":[{"embeddable":true,"href":"https:\/\/www.tunuyan.gov.ar\/site\/wp-json\/wp\/v2\/users\/4"}],"replies":[{"embeddable":true,"href":"https:\/\/www.tunuyan.gov.ar\/site\/wp-json\/wp\/v2\/comments?post=24566"}],"version-history":[{"count":2,"href":"https:\/\/www.tunuyan.gov.ar\/site\/wp-json\/wp\/v2\/posts\/24566\/revisions"}],"predecessor-version":[{"id":24577,"href":"https:\/\/www.tunuyan.gov.ar\/site\/wp-json\/wp\/v2\/posts\/24566\/revisions\/24577"}],"wp:featuredmedia":[{"embeddable":true,"href":"https:\/\/www.tunuyan.gov.ar\/site\/wp-json\/wp\/v2\/media\/24575"}],"wp:attachment":[{"href":"https:\/\/www.tunuyan.gov.ar\/site\/wp-json\/wp\/v2\/media?parent=24566"}],"wp:term":[{"taxonomy":"category","embeddable":true,"href":"https:\/\/www.tunuyan.gov.ar\/site\/wp-json\/wp\/v2\/categories?post=24566"},{"taxonomy":"post_tag","embeddable":true,"href":"https:\/\/www.tunuyan.gov.ar\/site\/wp-json\/wp\/v2\/tags?post=24566"}],"curies":[{"name":"wp","href":"https:\/\/api.w.org\/{rel}","templated":true}]}}