{"id":28071,"date":"2025-09-10T11:59:18","date_gmt":"2025-09-10T14:59:18","guid":{"rendered":"https:\/\/www.tunuyan.gov.ar\/site\/?p=28071"},"modified":"2025-09-10T12:04:06","modified_gmt":"2025-09-10T15:04:06","slug":"kit-de-semillas-primavera-verano-2025","status":"publish","type":"post","link":"https:\/\/www.tunuyan.gov.ar\/site\/kit-de-semillas-primavera-verano-2025\/","title":{"rendered":"Kit de semillas primavera-verano 2025"},"content":{"rendered":"\n<p>Con la llegada de la temporada primavera-verano 2025, se inicia la entrega de semillas hort\u00edcolas y arom\u00e1ticas en distintos puntos del departamento. La iniciativa busca acompa\u00f1ar a vecinos y vecinas en el desarrollo de huertas familiares, promoviendo el cultivo responsable y el acceso a alimentos frescos.<\/p>\n\n\n\n<p>La distribuci\u00f3n se realiza de lunes a viernes, de 7 a 13 horas, en la Direcci\u00f3n de Agrobioindustria ubicada en el Edificio del INV, B\u00b0 Fenca, calle R\u00edo Diamante 635, as\u00ed como en las delegaciones de Los Sauces, Los \u00c1rboles, Los Chacayes, Colonia Las Rosas, Villa Seca, Vista Flores y en los CIC de Las Pintadas, Centro (calle La Argentina), El Algarrobo y Vista Flores.<\/p>\n\n\n\n<p>Entre las variedades disponibles se encuentran acelga Bressane, arveja Onward, cal\u00e9ndula, lechuga Maravimar, remolacha Detroit Dark Red, albahaca Cenovesa, cebolla Val, ma\u00edz dulce Anita, mel\u00f3n Honey Dew y zapallo Veron\u00e9s. Todas las semillas son aptas exclusivamente para siembra.<\/p>\n\n\n\n<figure class=\"wp-block-gallery has-nested-images columns-default is-cropped wp-block-gallery-1 is-layout-flex wp-block-gallery-is-layout-flex\">\n<figure class=\"wp-block-image size-large\"><a href=\"https:\/\/www.tunuyan.gov.ar\/site\/wp-content\/uploads\/2025\/09\/semillas-primavera-verano.jpg\"><img fetchpriority=\"high\" decoding=\"async\" width=\"1024\" height=\"683\" data-id=\"28072\" src=\"https:\/\/www.tunuyan.gov.ar\/site\/wp-content\/uploads\/2025\/09\/semillas-primavera-verano-1024x683.jpg\" alt=\"\" class=\"wp-image-28072\" srcset=\"https:\/\/www.tunuyan.gov.ar\/site\/wp-content\/uploads\/2025\/09\/semillas-primavera-verano-1024x683.jpg 1024w, https:\/\/www.tunuyan.gov.ar\/site\/wp-content\/uploads\/2025\/09\/semillas-primavera-verano-300x200.jpg 300w, https:\/\/www.tunuyan.gov.ar\/site\/wp-content\/uploads\/2025\/09\/semillas-primavera-verano-768x512.jpg 768w, https:\/\/www.tunuyan.gov.ar\/site\/wp-content\/uploads\/2025\/09\/semillas-primavera-verano-1536x1025.jpg 1536w, https:\/\/www.tunuyan.gov.ar\/site\/wp-content\/uploads\/2025\/09\/semillas-primavera-verano.jpg 1772w\" sizes=\"(max-width: 1024px) 100vw, 1024px\" \/><\/a><\/figure>\n<\/figure>\n\n\n\n<p><\/p>\n","protected":false},"excerpt":{"rendered":"<p>AGROBIOINDUSTRIA<\/p>\n","protected":false},"author":6,"featured_media":28073,"comment_status":"closed","ping_status":"","sticky":false,"template":"","format":"standard","meta":{"footnotes":""},"categories":[24],"tags":[],"class_list":["post-28071","post","type-post","status-publish","format-standard","has-post-thumbnail","hentry","category-noticias"],"_links":{"self":[{"href":"https:\/\/www.tunuyan.gov.ar\/site\/wp-json\/wp\/v2\/posts\/28071","targetHints":{"allow":["GET"]}}],"collection":[{"href":"https:\/\/www.tunuyan.gov.ar\/site\/wp-json\/wp\/v2\/posts"}],"about":[{"href":"https:\/\/www.tunuyan.gov.ar\/site\/wp-json\/wp\/v2\/types\/post"}],"author":[{"embeddable":true,"href":"https:\/\/www.tunuyan.gov.ar\/site\/wp-json\/wp\/v2\/users\/6"}],"replies":[{"embeddable":true,"href":"https:\/\/www.tunuyan.gov.ar\/site\/wp-json\/wp\/v2\/comments?post=28071"}],"version-history":[{"count":5,"href":"https:\/\/www.tunuyan.gov.ar\/site\/wp-json\/wp\/v2\/posts\/28071\/revisions"}],"predecessor-version":[{"id":28169,"href":"https:\/\/www.tunuyan.gov.ar\/site\/wp-json\/wp\/v2\/posts\/28071\/revisions\/28169"}],"wp:featuredmedia":[{"embeddable":true,"href":"https:\/\/www.tunuyan.gov.ar\/site\/wp-json\/wp\/v2\/media\/28073"}],"wp:attachment":[{"href":"https:\/\/www.tunuyan.gov.ar\/site\/wp-json\/wp\/v2\/media?parent=28071"}],"wp:term":[{"taxonomy":"category","embeddable":true,"href":"https:\/\/www.tunuyan.gov.ar\/site\/wp-json\/wp\/v2\/categories?post=28071"},{"taxonomy":"post_tag","embeddable":true,"href":"https:\/\/www.tunuyan.gov.ar\/site\/wp-json\/wp\/v2\/tags?post=28071"}],"curies":[{"name":"wp","href":"https:\/\/api.w.org\/{rel}","templated":true}]}}