{"id":29129,"date":"2025-11-11T11:44:53","date_gmt":"2025-11-11T14:44:53","guid":{"rendered":"https:\/\/www.tunuyan.gov.ar\/site\/?p=29129"},"modified":"2025-11-11T12:07:26","modified_gmt":"2025-11-11T15:07:26","slug":"audiciones-de-vendimia-2026-abre-sus-inscripciones","status":"publish","type":"post","link":"https:\/\/www.tunuyan.gov.ar\/site\/audiciones-de-vendimia-2026-abre-sus-inscripciones\/","title":{"rendered":"Audiciones de Vendimia 2026: abre sus inscripciones"},"content":{"rendered":"\n<p>La Municipalidad de Tunuy\u00e1n, a trav\u00e9s de la Direcci\u00f3n de Cultura, convoca a artistas del Valle de Uco a participar de las audiciones para la Vendimia Departamental 2026. Las inscripciones estar\u00e1n abiertas hasta el viernes 14 de noviembre a las 11.00 mediante el formulario <a href=\"https:\/\/forms.gle\/CKxb42w3BJEGxVzy5\">https:\/\/forms.gle\/CKxb42w3BJEGxVzy5<\/a> <\/p>\n\n\n\n<p>Podr\u00e1n inscribirse personas de 14 a\u00f1os o m\u00e1s, oriundas del Valle de Uco. Las audiciones se realizar\u00e1n en el <strong>Auditorio Municipal<\/strong> seg\u00fan el siguiente cronograma:<\/p>\n\n\n\n<h2 class=\"wp-block-heading\">Cronograma y acreditaciones<\/h2>\n\n\n\n<ul class=\"wp-block-list\">\n<li><strong>S\u00c1BADO 15 de noviembre<\/strong>\n<ul class=\"wp-block-list\">\n<li><strong>Bailarines folcl\u00f3ricos<\/strong>: acreditaci\u00f3n <strong>08.00<\/strong>.<\/li>\n\n\n\n<li><strong>Bailarines contempor\u00e1neos<\/strong>: acreditaci\u00f3n <strong>15.00<\/strong>.<\/li>\n<\/ul>\n<\/li>\n\n\n\n<li><strong>DOMINGO 16 de noviembre<\/strong>\n<ul class=\"wp-block-list\">\n<li><strong>Actores y actrices<\/strong>: acreditaci\u00f3n <strong>09.00<\/strong>.<\/li>\n<\/ul>\n<\/li>\n\n\n\n<li><strong>Cantantes<\/strong>: <strong>d\u00eda y horario a confirmar<\/strong>.<\/li>\n<\/ul>\n\n\n\n<h2 class=\"wp-block-heading\">Requisitos<\/h2>\n\n\n\n<ul class=\"wp-block-list\">\n<li><strong>Edad:<\/strong> 14 a\u00f1os o m\u00e1s.<\/li>\n\n\n\n<li><strong>Residencia:<\/strong> ser <strong>oriundo\/a del Valle de Uco<\/strong>.<\/li>\n\n\n\n<li><strong>Documentaci\u00f3n:<\/strong> presentarse con <strong>DNI<\/strong> y en horario de acreditaci\u00f3n.<\/li>\n<\/ul>\n\n\n\n<h2 class=\"wp-block-heading\">Consultas<\/h2>\n\n\n\n<ul class=\"wp-block-list\">\n<li>Correo: <strong><a>vendimia970@gmail.com<\/a><\/strong><\/li>\n<\/ul>\n\n\n\n<figure class=\"wp-block-gallery has-nested-images columns-default is-cropped wp-block-gallery-1 is-layout-flex wp-block-gallery-is-layout-flex\">\n<figure class=\"wp-block-image size-large\"><a href=\"https:\/\/www.tunuyan.gov.ar\/site\/wp-content\/uploads\/2025\/11\/WhatsApp-Image-2025-11-11-at-10.08.28-AM-1.jpeg\"><img fetchpriority=\"high\" decoding=\"async\" width=\"819\" height=\"1024\" data-id=\"29133\" src=\"https:\/\/www.tunuyan.gov.ar\/site\/wp-content\/uploads\/2025\/11\/WhatsApp-Image-2025-11-11-at-10.08.28-AM-1-819x1024.jpeg\" alt=\"\" class=\"wp-image-29133\" srcset=\"https:\/\/www.tunuyan.gov.ar\/site\/wp-content\/uploads\/2025\/11\/WhatsApp-Image-2025-11-11-at-10.08.28-AM-1-819x1024.jpeg 819w, https:\/\/www.tunuyan.gov.ar\/site\/wp-content\/uploads\/2025\/11\/WhatsApp-Image-2025-11-11-at-10.08.28-AM-1-240x300.jpeg 240w, https:\/\/www.tunuyan.gov.ar\/site\/wp-content\/uploads\/2025\/11\/WhatsApp-Image-2025-11-11-at-10.08.28-AM-1-768x960.jpeg 768w, https:\/\/www.tunuyan.gov.ar\/site\/wp-content\/uploads\/2025\/11\/WhatsApp-Image-2025-11-11-at-10.08.28-AM-1.jpeg 1080w\" sizes=\"(max-width: 819px) 100vw, 819px\" \/><\/a><\/figure>\n<\/figure>\n","protected":false},"excerpt":{"rendered":"<p>Cultura<\/p>\n","protected":false},"author":6,"featured_media":29130,"comment_status":"closed","ping_status":"","sticky":false,"template":"","format":"standard","meta":{"footnotes":""},"categories":[24],"tags":[],"class_list":["post-29129","post","type-post","status-publish","format-standard","has-post-thumbnail","hentry","category-noticias"],"_links":{"self":[{"href":"https:\/\/www.tunuyan.gov.ar\/site\/wp-json\/wp\/v2\/posts\/29129","targetHints":{"allow":["GET"]}}],"collection":[{"href":"https:\/\/www.tunuyan.gov.ar\/site\/wp-json\/wp\/v2\/posts"}],"about":[{"href":"https:\/\/www.tunuyan.gov.ar\/site\/wp-json\/wp\/v2\/types\/post"}],"author":[{"embeddable":true,"href":"https:\/\/www.tunuyan.gov.ar\/site\/wp-json\/wp\/v2\/users\/6"}],"replies":[{"embeddable":true,"href":"https:\/\/www.tunuyan.gov.ar\/site\/wp-json\/wp\/v2\/comments?post=29129"}],"version-history":[{"count":4,"href":"https:\/\/www.tunuyan.gov.ar\/site\/wp-json\/wp\/v2\/posts\/29129\/revisions"}],"predecessor-version":[{"id":29135,"href":"https:\/\/www.tunuyan.gov.ar\/site\/wp-json\/wp\/v2\/posts\/29129\/revisions\/29135"}],"wp:featuredmedia":[{"embeddable":true,"href":"https:\/\/www.tunuyan.gov.ar\/site\/wp-json\/wp\/v2\/media\/29130"}],"wp:attachment":[{"href":"https:\/\/www.tunuyan.gov.ar\/site\/wp-json\/wp\/v2\/media?parent=29129"}],"wp:term":[{"taxonomy":"category","embeddable":true,"href":"https:\/\/www.tunuyan.gov.ar\/site\/wp-json\/wp\/v2\/categories?post=29129"},{"taxonomy":"post_tag","embeddable":true,"href":"https:\/\/www.tunuyan.gov.ar\/site\/wp-json\/wp\/v2\/tags?post=29129"}],"curies":[{"name":"wp","href":"https:\/\/api.w.org\/{rel}","templated":true}]}}