{"id":29450,"date":"2025-12-01T10:54:48","date_gmt":"2025-12-01T13:54:48","guid":{"rendered":"https:\/\/www.tunuyan.gov.ar\/site\/?p=29450"},"modified":"2025-12-01T11:41:01","modified_gmt":"2025-12-01T14:41:01","slug":"colonia-de-verano-municipal-cuando-y-donde-inscribirte","status":"publish","type":"post","link":"https:\/\/www.tunuyan.gov.ar\/site\/colonia-de-verano-municipal-cuando-y-donde-inscribirte\/","title":{"rendered":"Colonia de verano municipal: Cu\u00e1ndo y d\u00f3nde inscribirte"},"content":{"rendered":"\n<p>Como todos los a\u00f1os, la Municipalidad de Tunuy\u00e1n, a trav\u00e9s de la Direcci\u00f3n de Deportes, anuncia la apertura de inscripciones para la Colonia de Verano 2026. La gran propuesta veraniega, a\u00f1o tras a\u00f1o, convoca cientos de ni\u00f1os y ni\u00f1as que eligen pasar sus vacaciones junto a las actividades recreativas y deportivas de la comuna.<\/p>\n\n\n\n<p>INSCRIPCIONES: <\/p>\n\n\n\n<p>Los interesados podr\u00e1n anotarse a <strong>partir del martes 9 de diciembre<\/strong>, en horario de 8:30 a 12:30 horas. <\/p>\n\n\n\n<p>Las inscripciones se realizar\u00e1n en el Polideportivo Central, el Predio Villa Anita en Colonia Las Rosas, el Predio Santa Rita en Vista Flores y en las delegaciones municipales de cada distrito.<\/p>\n\n\n\n<p>Al momento de inscribirse, las personas deber\u00e1n presentar fotocopia del DNI y completar la ficha de salud correspondiente.<\/p>\n\n\n\n<p>El valor de la inscripci\u00f3n es de $25.000 y los cupos son limitados. <br><br><strong>Edades para ingresar a la colonia<\/strong>: Tunuy\u00e1n a partir de los 5 a\u00f1os cumplidos. Vista Flores y Colonia Las Rosas a partir de los 6 a\u00f1os cumplidos. <\/p>\n\n\n\n<p><strong>La Colonia de Verano dar\u00e1 inicio el 6 de enero de 2026 a las 9 horas<\/strong>, marcando el comienzo de una nueva temporada de disfrute y aprendizaje. <\/p>\n\n\n\n<p>Este programa de verano promueve un abanico de actividades l\u00fadicas, deportivas y sociales, tanto en el agua como en espacios al aire libre. Su principal objetivo es ofrecer contenci\u00f3n y entretenimiento a ni\u00f1os, j\u00f3venes, adultos y adultos mayores, a cargo de un equipo de trabajo especializado. Las actividades se desarrollar\u00e1n en el Albergue Municipal, el Predio Deportivo Santa Rita en Vista Flores y el Predio Villa Anita en Colonia Las Rosas.<\/p>\n\n\n\n<figure class=\"wp-block-gallery has-nested-images columns-default is-cropped wp-block-gallery-1 is-layout-flex wp-block-gallery-is-layout-flex\">\n<figure class=\"wp-block-image size-large\"><a href=\"https:\/\/www.tunuyan.gov.ar\/site\/wp-content\/uploads\/2025\/12\/WhatsApp-Image-2025-12-01-at-10.25.57.jpeg\"><img fetchpriority=\"high\" decoding=\"async\" width=\"916\" height=\"430\" data-id=\"29461\" src=\"https:\/\/www.tunuyan.gov.ar\/site\/wp-content\/uploads\/2025\/12\/WhatsApp-Image-2025-12-01-at-10.25.57.jpeg\" alt=\"\" class=\"wp-image-29461\" srcset=\"https:\/\/www.tunuyan.gov.ar\/site\/wp-content\/uploads\/2025\/12\/WhatsApp-Image-2025-12-01-at-10.25.57.jpeg 916w, https:\/\/www.tunuyan.gov.ar\/site\/wp-content\/uploads\/2025\/12\/WhatsApp-Image-2025-12-01-at-10.25.57-300x141.jpeg 300w, https:\/\/www.tunuyan.gov.ar\/site\/wp-content\/uploads\/2025\/12\/WhatsApp-Image-2025-12-01-at-10.25.57-768x361.jpeg 768w\" sizes=\"(max-width: 916px) 100vw, 916px\" \/><\/a><\/figure>\n<\/figure>\n","protected":false},"excerpt":{"rendered":"<p>Inicia 6 de enero 2026 <\/p>\n","protected":false},"author":6,"featured_media":29466,"comment_status":"closed","ping_status":"","sticky":false,"template":"","format":"standard","meta":{"footnotes":""},"categories":[24],"tags":[],"class_list":["post-29450","post","type-post","status-publish","format-standard","has-post-thumbnail","hentry","category-noticias"],"_links":{"self":[{"href":"https:\/\/www.tunuyan.gov.ar\/site\/wp-json\/wp\/v2\/posts\/29450","targetHints":{"allow":["GET"]}}],"collection":[{"href":"https:\/\/www.tunuyan.gov.ar\/site\/wp-json\/wp\/v2\/posts"}],"about":[{"href":"https:\/\/www.tunuyan.gov.ar\/site\/wp-json\/wp\/v2\/types\/post"}],"author":[{"embeddable":true,"href":"https:\/\/www.tunuyan.gov.ar\/site\/wp-json\/wp\/v2\/users\/6"}],"replies":[{"embeddable":true,"href":"https:\/\/www.tunuyan.gov.ar\/site\/wp-json\/wp\/v2\/comments?post=29450"}],"version-history":[{"count":2,"href":"https:\/\/www.tunuyan.gov.ar\/site\/wp-json\/wp\/v2\/posts\/29450\/revisions"}],"predecessor-version":[{"id":29469,"href":"https:\/\/www.tunuyan.gov.ar\/site\/wp-json\/wp\/v2\/posts\/29450\/revisions\/29469"}],"wp:featuredmedia":[{"embeddable":true,"href":"https:\/\/www.tunuyan.gov.ar\/site\/wp-json\/wp\/v2\/media\/29466"}],"wp:attachment":[{"href":"https:\/\/www.tunuyan.gov.ar\/site\/wp-json\/wp\/v2\/media?parent=29450"}],"wp:term":[{"taxonomy":"category","embeddable":true,"href":"https:\/\/www.tunuyan.gov.ar\/site\/wp-json\/wp\/v2\/categories?post=29450"},{"taxonomy":"post_tag","embeddable":true,"href":"https:\/\/www.tunuyan.gov.ar\/site\/wp-json\/wp\/v2\/tags?post=29450"}],"curies":[{"name":"wp","href":"https:\/\/api.w.org\/{rel}","templated":true}]}}