{"id":30003,"date":"2026-01-12T18:51:42","date_gmt":"2026-01-12T21:51:42","guid":{"rendered":"https:\/\/www.tunuyan.gov.ar\/site\/?p=30003"},"modified":"2026-01-12T18:51:42","modified_gmt":"2026-01-12T21:51:42","slug":"vendimia-y-tonada-2026-consegui-tus-entradas-en-preventa-hasta-el-25-de-enero","status":"publish","type":"post","link":"https:\/\/www.tunuyan.gov.ar\/site\/vendimia-y-tonada-2026-consegui-tus-entradas-en-preventa-hasta-el-25-de-enero\/","title":{"rendered":"Vendimia y Tonada 2026: consegu\u00ed tus entradas en preventa hasta el 25 de enero"},"content":{"rendered":"\n<p>La Municipalidad de Tunuy\u00e1n recuerda que las entradas para la Fiesta Departamental de la Vendimia y la 44\u00aa edici\u00f3n del Festival Nacional de la Tonada contin\u00faan disponibles a precio de preventa hasta el 25 de enero. Las noches de puro folclore  se llevar\u00e1n a cabo en el Anfiteatro Municipal los d\u00edas 30 y 31 de enero y 1 de febrero.<\/p>\n\n\n\n<p>En la Vendimia Departamental, el ingreso al sector general no tendr\u00e1 costo, <strong>aunque se solicitar\u00e1 la colaboraci\u00f3n con un alimento no perecedero al momento de ingresar<\/strong>. El sector preferencial ser\u00e1 pago, conforme a la tarifa vigente.<\/p>\n\n\n\n<p>En relaci\u00f3n a las condiciones de acceso, los menores abonan entrada a partir de los 13 a\u00f1os inclusive. Jubilados y personas con discapacidad podr\u00e1n ingresar sin costo al sector general, presentando DNI y la documentaci\u00f3n correspondiente (carnet de jubilado o Certificado \u00danico de Discapacidad vigente). El acompa\u00f1ante de la persona con discapacidad acceder\u00e1 sin cargo \u00fanicamente cuando as\u00ed lo indique expresamente el CUD.<\/p>\n\n\n\n<h3 class=\"wp-block-heading\">Entradas: precios y modalidades de compra<\/h3>\n\n\n\n<p>Las entradas se encuentran a la venta a trav\u00e9s de www.entradaweb.com.ar, con valores diferenciados seg\u00fan el d\u00eda y el sector. La preventa estar\u00e1 vigente hasta el 25 de enero, mientras que a partir del 26 de enero se aplicar\u00e1n los valores de venta general.<\/p>\n\n\n\n<p><strong>Viernes 30 de enero \u2013 Vendimia Departamental \/ Coti Sorokin<\/strong><\/p>\n\n\n\n<ul class=\"wp-block-list\">\n<li>Sector preferencial: $25.000 en preventa | $35.000 desde el 26\/01 y el d\u00eda del evento<\/li>\n\n\n\n<li>Sector general: ingreso con un alimento no perecedero<\/li>\n<\/ul>\n\n\n\n<p><strong>S\u00e1bado 31 de enero \u2013 L\u00e1zaro Caballero y Campedrinos<\/strong><\/p>\n\n\n\n<ul class=\"wp-block-list\">\n<li>Preferencial: $20.000 en preventa | $25.000 venta general<\/li>\n\n\n\n<li>General: $12.000 en preventa | $15.000 venta general<\/li>\n<\/ul>\n\n\n\n<p><strong>Domingo 1\u00b0 de febrero \u2013 Abel Pintos<\/strong><\/p>\n\n\n\n<ul class=\"wp-block-list\">\n<li>Preferencial A: $40.000 en preventa | $50.000 venta general<\/li>\n\n\n\n<li>Preferencial B: $30.000 en preventa | $40.000 venta general<\/li>\n\n\n\n<li>General: $15.000 en preventa | $20.000 venta general<\/li>\n<\/ul>\n\n\n\n<h3 class=\"wp-block-heading\">Especial para tunuyaninos<\/h3>\n\n\n\n<p>Las personas residentes en Tunuy\u00e1n contar\u00e1n con tarifas diferenciales para las noches del s\u00e1bado y domingo. Las entradas se vender\u00e1n en la boleter\u00eda del Auditorio Municipal, del 26 al 30 de enero, presentando DNI con domicilio en Tunuy\u00e1n.<\/p>\n\n\n\n<ul class=\"wp-block-list\">\n<li>S\u00e1bado: $10.000<\/li>\n\n\n\n<li>Domingo: $15.000<\/li>\n<\/ul>\n\n\n\n<p><\/p>\n","protected":false},"excerpt":{"rendered":"<p>Preventa<\/p>\n","protected":false},"author":6,"featured_media":30008,"comment_status":"closed","ping_status":"","sticky":false,"template":"","format":"standard","meta":{"footnotes":""},"categories":[24],"tags":[],"class_list":["post-30003","post","type-post","status-publish","format-standard","has-post-thumbnail","hentry","category-noticias"],"_links":{"self":[{"href":"https:\/\/www.tunuyan.gov.ar\/site\/wp-json\/wp\/v2\/posts\/30003","targetHints":{"allow":["GET"]}}],"collection":[{"href":"https:\/\/www.tunuyan.gov.ar\/site\/wp-json\/wp\/v2\/posts"}],"about":[{"href":"https:\/\/www.tunuyan.gov.ar\/site\/wp-json\/wp\/v2\/types\/post"}],"author":[{"embeddable":true,"href":"https:\/\/www.tunuyan.gov.ar\/site\/wp-json\/wp\/v2\/users\/6"}],"replies":[{"embeddable":true,"href":"https:\/\/www.tunuyan.gov.ar\/site\/wp-json\/wp\/v2\/comments?post=30003"}],"version-history":[{"count":4,"href":"https:\/\/www.tunuyan.gov.ar\/site\/wp-json\/wp\/v2\/posts\/30003\/revisions"}],"predecessor-version":[{"id":30012,"href":"https:\/\/www.tunuyan.gov.ar\/site\/wp-json\/wp\/v2\/posts\/30003\/revisions\/30012"}],"wp:featuredmedia":[{"embeddable":true,"href":"https:\/\/www.tunuyan.gov.ar\/site\/wp-json\/wp\/v2\/media\/30008"}],"wp:attachment":[{"href":"https:\/\/www.tunuyan.gov.ar\/site\/wp-json\/wp\/v2\/media?parent=30003"}],"wp:term":[{"taxonomy":"category","embeddable":true,"href":"https:\/\/www.tunuyan.gov.ar\/site\/wp-json\/wp\/v2\/categories?post=30003"},{"taxonomy":"post_tag","embeddable":true,"href":"https:\/\/www.tunuyan.gov.ar\/site\/wp-json\/wp\/v2\/tags?post=30003"}],"curies":[{"name":"wp","href":"https:\/\/api.w.org\/{rel}","templated":true}]}}