{"id":30044,"date":"2026-01-15T08:46:15","date_gmt":"2026-01-15T11:46:15","guid":{"rendered":"https:\/\/www.tunuyan.gov.ar\/site\/?p=30044"},"modified":"2026-01-15T09:18:22","modified_gmt":"2026-01-15T12:18:22","slug":"turismo-low-cost-en-tunuyan","status":"publish","type":"post","link":"https:\/\/www.tunuyan.gov.ar\/site\/turismo-low-cost-en-tunuyan\/","title":{"rendered":"Turismo low cost en Tunuy\u00e1n"},"content":{"rendered":"\n<p>El Festival de la Tonada re\u00fane a\u00f1o a a\u00f1o a miles de turistas que visitan nuestro departamento para disfrutar de una de las celebraciones m\u00e1s emblem\u00e1ticas de Argentina, la cual cuenta con 44 a\u00f1os de historia. Actualmente se lleva a cabo en el Anfiteatro Municipal ubicado en H. Cuadros 1251, Tunuy\u00e1n, Mendoza. <a href=\"https:\/\/www.google.com\/maps\/dir\/\/1399,,+H.+Cuadros+1251,+Tunuy%C3%A1n,+Mendoza\/@-33.5863613,-69.0098011,16z\/data=!4m8!4m7!1m0!1m5!1m1!1s0x967c25dfd1df0967:0xc14bb37786b7b1e!2m2!1d-69.0041506!2d-33.5762538?entry=ttu&amp;g_ep=EgoyMDI2MDEwNy4wIKXMDSoASAFQAw%3D%3D\" data-type=\"link\" data-id=\"https:\/\/www.google.com\/maps\/dir\/\/1399,,+H.+Cuadros+1251,+Tunuy%C3%A1n,+Mendoza\/@-33.5863613,-69.0098011,16z\/data=!4m8!4m7!1m0!1m5!1m1!1s0x967c25dfd1df0967:0xc14bb37786b7b1e!2m2!1d-69.0041506!2d-33.5762538?entry=ttu&amp;g_ep=EgoyMDI2MDEwNy4wIKXMDSoASAFQAw%3D%3D\">Ubicaci\u00f3n <\/a><\/p>\n\n\n\n<p>La edici\u00f3n 2026 comenzar\u00e1 el viernes 31 de enero con la Fiesta Departamental de la Vendimia \u201cVendimia con Historia\u201d, seguido de la Tonada a pleno el s\u00e1bado 1 y domingo 2 de febrero. <a href=\"https:\/\/www.entradaweb.com.ar\/evento\/fcf7b8f5\/step\/1\" data-type=\"link\" data-id=\"https:\/\/www.entradaweb.com.ar\/evento\/fcf7b8f5\/step\/1\">Compr\u00e1 tu entrada aqu\u00ed <\/a><\/p>\n\n\n\n<p><strong><em>Actividades y Alojamiento en Tunuy\u00e1n:<\/em><\/strong><\/p>\n\n\n\n<p>Para disfrutar plenamente del festival, Tunuy\u00e1n ofrece una amplia variedad de opciones de alojamiento y actividades recreativas. Pod\u00e9s explorar las <strong>bodegas<\/strong> de la zona, disfrutar de <strong>cabalgatas, hacer trekking, pasear en familia<\/strong> por el Paraje <strong>Manzano Hist\u00f3rico, el Parque La Lombard\u00eda y el Parque Las V\u00edas<\/strong>, o aventurarte en <strong>rafting<\/strong> en el r\u00edo Tunuy\u00e1n. La \u00abCiudad del Agua\u00bb garantiza una estancia segura y memorable durante uno de los fines de semana m\u00e1s destacados de la temporada festivalera.<\/p>\n\n\n\n<figure class=\"wp-block-gallery has-nested-images columns-default is-cropped wp-block-gallery-1 is-layout-flex wp-block-gallery-is-layout-flex\">\n<figure class=\"wp-block-image size-large\"><a href=\"https:\/\/www.tunuyan.gov.ar\/site\/wp-content\/uploads\/2026\/01\/WhatsApp-Image-2026-01-14-at-12.34.00.jpeg\"><img fetchpriority=\"high\" decoding=\"async\" width=\"508\" height=\"900\" data-id=\"30057\" src=\"https:\/\/www.tunuyan.gov.ar\/site\/wp-content\/uploads\/2026\/01\/WhatsApp-Image-2026-01-14-at-12.34.00.jpeg\" alt=\"\" class=\"wp-image-30057\" srcset=\"https:\/\/www.tunuyan.gov.ar\/site\/wp-content\/uploads\/2026\/01\/WhatsApp-Image-2026-01-14-at-12.34.00.jpeg 508w, https:\/\/www.tunuyan.gov.ar\/site\/wp-content\/uploads\/2026\/01\/WhatsApp-Image-2026-01-14-at-12.34.00-169x300.jpeg 169w\" sizes=\"(max-width: 508px) 100vw, 508px\" \/><\/a><\/figure>\n\n\n\n<figure class=\"wp-block-image size-large\"><a href=\"https:\/\/www.tunuyan.gov.ar\/site\/wp-content\/uploads\/2026\/01\/WhatsApp-Image-2026-01-14-at-12.42.12.jpeg\"><img decoding=\"async\" width=\"721\" height=\"900\" data-id=\"30058\" src=\"https:\/\/www.tunuyan.gov.ar\/site\/wp-content\/uploads\/2026\/01\/WhatsApp-Image-2026-01-14-at-12.42.12.jpeg\" alt=\"\" class=\"wp-image-30058\" srcset=\"https:\/\/www.tunuyan.gov.ar\/site\/wp-content\/uploads\/2026\/01\/WhatsApp-Image-2026-01-14-at-12.42.12.jpeg 721w, https:\/\/www.tunuyan.gov.ar\/site\/wp-content\/uploads\/2026\/01\/WhatsApp-Image-2026-01-14-at-12.42.12-240x300.jpeg 240w\" sizes=\"(max-width: 721px) 100vw, 721px\" \/><\/a><\/figure>\n<\/figure>\n\n\n\n<p>Desde la comuna, la Direcci\u00f3n de Turismo recomienda contratar hoteles, hospedajes, casas, departamentos o habitaciones oficiales registrados en la p\u00e1gina de turismo  <a href=\"https:\/\/tunuyan.gov.ar\/vivitunuyan\/\" data-type=\"link\" data-id=\"https:\/\/tunuyan.gov.ar\/vivitunuyan\/\">VIV\u00cd TUNUY\u00c1N<\/a>. Es importante chequear todos los datos antes de hacer la reserva. Cada prestador tur\u00edstico ofrece im\u00e1genes, datos web y tel\u00e9fonos particulares para contacto y reservas en dicha p\u00e1gina. <\/p>\n\n\n\n<p>Tunuy\u00e1n cuenta con diferentes ofertas, dependiendo de la ubicaci\u00f3n y necesidad del hu\u00e9sped, las mismas van desde los <strong>$15.000 a los $30.000 pesos <\/strong>por persona por noche. Para verificar datos y evitar inconvenientes, los turistas pueden comunicarse al tel\u00e9fono (2622-41 31 02), donde un asesor de la Direcci\u00f3n de Turismo de la Municipalidad de Tunuy\u00e1n est\u00e1 disponible de 9:00 a 23:00 hs.<br><br><strong><em>Parque La Lombard\u00eda<\/em><\/strong><br>Disfruta del R\u00edo Tunuy\u00e1n, a trav\u00e9s del sendero natural, paseo gastron\u00f3mico y plaza canina. <br><br><strong><em>Parque Las V\u00edas Nicolino Locche<\/em><\/strong><br>Predio recuperado del antiguo ferrocarril que se convirti\u00f3 en un espacio familiar, recreativo y deportivo, al aire libre, c\u00f3modo, cercano y ameno.<\/p>\n\n\n\n<p><strong><em>Manzano Hist\u00f3rico: La joyita del turismo en Tunuy\u00e1n que une historia y naturaleza\u00a0<\/em><\/strong><br>A s\u00f3lo 113 kil\u00f3metros de la ciudad de Mendoza, el paraje Manzano Hist\u00f3rico se ha convertido en uno de los destinos m\u00e1s elegidos de la provincia, combinando naturaleza, gastronom\u00eda e historia, teniendo como referente principal al General Don Jos\u00e9 de San Mart\u00edn.\u00a0<\/p>\n\n\n\n<p>Anclado al pie de la Cordillera de Los Andes, entre r\u00edos y arroyos de aguas cristalinas provenientes del deshielo y un sinf\u00edn de actividades al aire libre, este atractivo natural promete una estad\u00eda cargada de buenos momentos en familia o entre amigos. Rodeado de imperiosos cerros y un paisaje sin igual, el paraje ofrece aventura,<strong><em> <\/em>treeking, caminatas, recorrido de museos, naturaleza<\/strong> y la fuerza de la <strong>enolog\u00eda<\/strong> que produce el cultivo de miles de hect\u00e1reas de finas uvas de exclusivos varietales.<\/p>\n\n\n\n<p>Adem\u00e1s cuenta con un servicio esencial para el turismo como lo es el <strong>alquiler de equinos o de bicicletas <\/strong>que permiten tener una aventura grupal o personal por circuitos con distintas dificultades.&nbsp; La zona ofrece experiencias ligadas a los sabores que destacan a restoranes de gran nivel, quienes invitan a compartir espacios cerrados o al aire libre, momentos sin igual con la<strong> gastronom\u00eda tradicional o gourmet<\/strong>, que engalanan a nuestros chefs.&nbsp;&nbsp;<br><br>Conoc\u00e9 todas las opciones de paseos gratuitos ingresando al siguiente link: <a href=\"https:\/\/share.google\/0gV1mba6obevIEAon\" data-type=\"link\" data-id=\"https:\/\/share.google\/0gV1mba6obevIEAon\">https:\/\/share.google\/0gV1mba6obevIEAon<\/a><\/p>\n\n\n\n<figure class=\"wp-block-gallery has-nested-images columns-default is-cropped wp-block-gallery-2 is-layout-flex wp-block-gallery-is-layout-flex\">\n<figure class=\"wp-block-image size-large\"><a href=\"https:\/\/www.tunuyan.gov.ar\/site\/wp-content\/uploads\/2026\/01\/WhatsApp-Image-2026-01-14-at-12.28.40-4.jpeg\"><img decoding=\"async\" width=\"1024\" height=\"780\" data-id=\"30053\" src=\"https:\/\/www.tunuyan.gov.ar\/site\/wp-content\/uploads\/2026\/01\/WhatsApp-Image-2026-01-14-at-12.28.40-4-1024x780.jpeg\" alt=\"\" class=\"wp-image-30053\" srcset=\"https:\/\/www.tunuyan.gov.ar\/site\/wp-content\/uploads\/2026\/01\/WhatsApp-Image-2026-01-14-at-12.28.40-4-1024x780.jpeg 1024w, https:\/\/www.tunuyan.gov.ar\/site\/wp-content\/uploads\/2026\/01\/WhatsApp-Image-2026-01-14-at-12.28.40-4-300x229.jpeg 300w, https:\/\/www.tunuyan.gov.ar\/site\/wp-content\/uploads\/2026\/01\/WhatsApp-Image-2026-01-14-at-12.28.40-4-768x585.jpeg 768w, https:\/\/www.tunuyan.gov.ar\/site\/wp-content\/uploads\/2026\/01\/WhatsApp-Image-2026-01-14-at-12.28.40-4-1536x1170.jpeg 1536w, https:\/\/www.tunuyan.gov.ar\/site\/wp-content\/uploads\/2026\/01\/WhatsApp-Image-2026-01-14-at-12.28.40-4-2048x1560.jpeg 2048w\" sizes=\"(max-width: 1024px) 100vw, 1024px\" \/><\/a><\/figure>\n\n\n\n<figure class=\"wp-block-image size-large\"><a href=\"https:\/\/www.tunuyan.gov.ar\/site\/wp-content\/uploads\/2026\/01\/WhatsApp-Image-2026-01-14-at-12.28.40-1-1.jpeg\"><img loading=\"lazy\" decoding=\"async\" width=\"1024\" height=\"780\" data-id=\"30052\" src=\"https:\/\/www.tunuyan.gov.ar\/site\/wp-content\/uploads\/2026\/01\/WhatsApp-Image-2026-01-14-at-12.28.40-1-1-1024x780.jpeg\" alt=\"\" class=\"wp-image-30052\" srcset=\"https:\/\/www.tunuyan.gov.ar\/site\/wp-content\/uploads\/2026\/01\/WhatsApp-Image-2026-01-14-at-12.28.40-1-1-1024x780.jpeg 1024w, https:\/\/www.tunuyan.gov.ar\/site\/wp-content\/uploads\/2026\/01\/WhatsApp-Image-2026-01-14-at-12.28.40-1-1-300x229.jpeg 300w, https:\/\/www.tunuyan.gov.ar\/site\/wp-content\/uploads\/2026\/01\/WhatsApp-Image-2026-01-14-at-12.28.40-1-1-768x585.jpeg 768w, https:\/\/www.tunuyan.gov.ar\/site\/wp-content\/uploads\/2026\/01\/WhatsApp-Image-2026-01-14-at-12.28.40-1-1-1536x1170.jpeg 1536w, https:\/\/www.tunuyan.gov.ar\/site\/wp-content\/uploads\/2026\/01\/WhatsApp-Image-2026-01-14-at-12.28.40-1-1.jpeg 1600w\" sizes=\"(max-width: 1024px) 100vw, 1024px\" \/><\/a><\/figure>\n\n\n\n<figure class=\"wp-block-image size-large\"><a href=\"https:\/\/www.tunuyan.gov.ar\/site\/wp-content\/uploads\/2026\/01\/WhatsApp-Image-2026-01-14-at-12.28.40-2-1.jpeg\"><img loading=\"lazy\" decoding=\"async\" width=\"1024\" height=\"780\" data-id=\"30051\" src=\"https:\/\/www.tunuyan.gov.ar\/site\/wp-content\/uploads\/2026\/01\/WhatsApp-Image-2026-01-14-at-12.28.40-2-1-1024x780.jpeg\" alt=\"\" class=\"wp-image-30051\" srcset=\"https:\/\/www.tunuyan.gov.ar\/site\/wp-content\/uploads\/2026\/01\/WhatsApp-Image-2026-01-14-at-12.28.40-2-1-1024x780.jpeg 1024w, https:\/\/www.tunuyan.gov.ar\/site\/wp-content\/uploads\/2026\/01\/WhatsApp-Image-2026-01-14-at-12.28.40-2-1-300x229.jpeg 300w, https:\/\/www.tunuyan.gov.ar\/site\/wp-content\/uploads\/2026\/01\/WhatsApp-Image-2026-01-14-at-12.28.40-2-1-768x585.jpeg 768w, https:\/\/www.tunuyan.gov.ar\/site\/wp-content\/uploads\/2026\/01\/WhatsApp-Image-2026-01-14-at-12.28.40-2-1-1536x1170.jpeg 1536w, https:\/\/www.tunuyan.gov.ar\/site\/wp-content\/uploads\/2026\/01\/WhatsApp-Image-2026-01-14-at-12.28.40-2-1.jpeg 1600w\" sizes=\"(max-width: 1024px) 100vw, 1024px\" \/><\/a><\/figure>\n<\/figure>\n\n\n\n<p><strong><em>Campings municipales<\/em><\/strong><\/p>\n\n\n\n<p>Para los amantes de los campamentos o aquellos que buscan abaratar costos, la Municipalidad de Tunuy\u00e1n ofrece varios <strong>campings municipale<\/strong>s ubicados en el predio del Manzano.\u00a0<\/p>\n\n\n\n<p>El <strong>valor de la entrada<\/strong> por d\u00eda a los mismos es de $3.000 por persona para mayores de 14 a\u00f1os, mientras que la estad\u00eda de carpas y autom\u00f3viles es de $6.000 por unidad. Las casillas rodantes y camiones abonan $12.000 diarios. Jubilados y pensionados (con credencial): sin costo. No se reciben transferencias ni mercado pago, s\u00f3lo efectivo.<\/p>\n\n\n\n<p>Cada espacio cuenta con todas las comodidades necesarias para compartir un asado en familia o una linda estad\u00eda bajo las estrellas Vallenatas.<\/p>\n\n\n\n<p><strong><em>Cuna de la historia Sanmartiniana<\/em>\u00a0<\/strong><br>El Manzano Hist\u00f3rico posee un interactivo circuito tem\u00e1tico que incluye el \u00e1rbol hist\u00f3rico, laberinto, museo de Ciencias Naturales, museo Sanmartiniano y monumento Retorno a la Patria, todos unidos a la historia del General Don Jos\u00e9 de San Mart\u00edn y su paso por Tunuy\u00e1n.\u00a0<\/p>\n\n\n\n<p>Dentro de los atractivos se puede visitar el <strong>Museo Municipal Retorno a la Patria.<\/strong> Declarado \u201cde Inter\u00e9s departamental\u201d. Cuenta con cuatro salas tem\u00e1ticas y exhibiciones anuales. Se pueden realizar visitas guiadas o autoguiadas.<\/p>\n\n\n\n<p><strong>Parque Tem\u00e1tico Sanmartiniano<\/strong><br>Predio ubicado\u00a0 sobre la ruta provincial N\u00b0 94. Pensado para brindar contenidos a quienes nos visitan y especialmente abocado al Programa de Turismo Educativo; que desde 2019 se lleva a cabo en el departamento de Tunuy\u00e1n y que de manera totalmente gratuita recibe a\u00f1o tras a\u00f1o centenares de ni\u00f1os, docentes, madres y padres y donde gu\u00edas municipales profesionales, reciben y transmiten conocimientos e historias referidos al Padre de la Patria, nuestra historia local y nuestra cultura y ra\u00edces.\u00a0<\/p>\n\n\n\n<p><strong>Museo Arqueol\u00f3gico y de Ciencias Naturales<\/strong><br>Inaugurado el 16 de septiembre de 2005, gracias a la donaci\u00f3n del profesor y taxidermista don Carlos Berthelemy y su se\u00f1ora esposa do\u00f1a Marta Rosales. Dise\u00f1ado para que el p\u00fablico en general y los ni\u00f1os en particular puedan apreciar especies animales aut\u00f3ctonas y ex\u00f3ticas representadas en su ambiente natural y con informaci\u00f3n espec\u00edfica a cada especie, su h\u00e1bitat, caracter\u00edsticas y estado de conservaci\u00f3n. As\u00ed mismo, cuenta con una exhibici\u00f3n arqueol\u00f3gica constituida de elementos y cer\u00e1micas encontradas en el Valle de Uco y pertenecientes a nuestro pueblo originario: los Huarpes.\u00a0<\/p>\n\n\n\n<figure class=\"wp-block-gallery has-nested-images columns-default is-cropped wp-block-gallery-3 is-layout-flex wp-block-gallery-is-layout-flex\">\n<figure class=\"wp-block-image size-large\"><a href=\"https:\/\/www.tunuyan.gov.ar\/site\/wp-content\/uploads\/2026\/01\/WhatsApp-Image-2026-01-14-at-13.00.06.jpeg\"><img loading=\"lazy\" decoding=\"async\" width=\"1024\" height=\"682\" data-id=\"30062\" src=\"https:\/\/www.tunuyan.gov.ar\/site\/wp-content\/uploads\/2026\/01\/WhatsApp-Image-2026-01-14-at-13.00.06-1024x682.jpeg\" alt=\"\" class=\"wp-image-30062\" srcset=\"https:\/\/www.tunuyan.gov.ar\/site\/wp-content\/uploads\/2026\/01\/WhatsApp-Image-2026-01-14-at-13.00.06-1024x682.jpeg 1024w, https:\/\/www.tunuyan.gov.ar\/site\/wp-content\/uploads\/2026\/01\/WhatsApp-Image-2026-01-14-at-13.00.06-300x200.jpeg 300w, https:\/\/www.tunuyan.gov.ar\/site\/wp-content\/uploads\/2026\/01\/WhatsApp-Image-2026-01-14-at-13.00.06-768x512.jpeg 768w, https:\/\/www.tunuyan.gov.ar\/site\/wp-content\/uploads\/2026\/01\/WhatsApp-Image-2026-01-14-at-13.00.06-1536x1024.jpeg 1536w, https:\/\/www.tunuyan.gov.ar\/site\/wp-content\/uploads\/2026\/01\/WhatsApp-Image-2026-01-14-at-13.00.06-2048x1365.jpeg 2048w\" sizes=\"(max-width: 1024px) 100vw, 1024px\" \/><\/a><\/figure>\n\n\n\n<figure class=\"wp-block-image size-large\"><a href=\"https:\/\/www.tunuyan.gov.ar\/site\/wp-content\/uploads\/2026\/01\/WhatsApp-Image-2026-01-14-at-12.59.13.jpeg\"><img loading=\"lazy\" decoding=\"async\" width=\"1024\" height=\"682\" data-id=\"30061\" src=\"https:\/\/www.tunuyan.gov.ar\/site\/wp-content\/uploads\/2026\/01\/WhatsApp-Image-2026-01-14-at-12.59.13-1024x682.jpeg\" alt=\"\" class=\"wp-image-30061\" srcset=\"https:\/\/www.tunuyan.gov.ar\/site\/wp-content\/uploads\/2026\/01\/WhatsApp-Image-2026-01-14-at-12.59.13-1024x682.jpeg 1024w, https:\/\/www.tunuyan.gov.ar\/site\/wp-content\/uploads\/2026\/01\/WhatsApp-Image-2026-01-14-at-12.59.13-300x200.jpeg 300w, https:\/\/www.tunuyan.gov.ar\/site\/wp-content\/uploads\/2026\/01\/WhatsApp-Image-2026-01-14-at-12.59.13-768x512.jpeg 768w, https:\/\/www.tunuyan.gov.ar\/site\/wp-content\/uploads\/2026\/01\/WhatsApp-Image-2026-01-14-at-12.59.13-1536x1024.jpeg 1536w, https:\/\/www.tunuyan.gov.ar\/site\/wp-content\/uploads\/2026\/01\/WhatsApp-Image-2026-01-14-at-12.59.13-2048x1365.jpeg 2048w\" sizes=\"(max-width: 1024px) 100vw, 1024px\" \/><\/a><\/figure>\n<\/figure>\n\n\n\n<p><strong><em>Centros de Informaci\u00f3n Tur\u00edstica:<\/em><\/strong><\/p>\n\n\n\n<p>CIT Inteligente<\/p>\n\n\n\n<p>Direcci\u00f3n: RP 92 y Francisco Delgado<\/p>\n\n\n\n<p>Tel\u00e9fono: +54 9 2622561314<\/p>\n\n\n\n<p>Horario: Lunes a Domingo de 9:00 hs a 18:00 hs.<\/p>\n\n\n\n<p>Manzano Hist\u00f3rico<\/p>\n\n\n\n<p>Direcci\u00f3n: Ruta 94 y Avda. de las Am\u00e9ricas<\/p>\n\n\n\n<p>Tel\u00e9fono: +54 9 2622565834<\/p>\n\n\n\n<p>Horario: Lunes a Domingo de 10:00 hs a 18:00 hs.<\/p>\n\n\n\n<p>Direcci\u00f3n de Turismo<\/p>\n\n\n\n<p>Direcci\u00f3n: Rio Diamante 635, Tunuy\u00e1n, Mendoza<\/p>\n\n\n\n<p>Tel\u00e9fono: +54 2622 413102<\/p>\n\n\n\n<p>Mail:&nbsp; turismo@tunuyan.gov.ar<\/p>\n\n\n\n<p>Horario de atenci\u00f3n: Lunes a Viernes de 8:00 hs a 14:00 hs.<\/p>\n\n\n\n<p><\/p>\n","protected":false},"excerpt":{"rendered":"<p>Tonada 2026<\/p>\n","protected":false},"author":4,"featured_media":30055,"comment_status":"closed","ping_status":"","sticky":false,"template":"","format":"standard","meta":{"footnotes":""},"categories":[24],"tags":[],"class_list":["post-30044","post","type-post","status-publish","format-standard","has-post-thumbnail","hentry","category-noticias"],"_links":{"self":[{"href":"https:\/\/www.tunuyan.gov.ar\/site\/wp-json\/wp\/v2\/posts\/30044","targetHints":{"allow":["GET"]}}],"collection":[{"href":"https:\/\/www.tunuyan.gov.ar\/site\/wp-json\/wp\/v2\/posts"}],"about":[{"href":"https:\/\/www.tunuyan.gov.ar\/site\/wp-json\/wp\/v2\/types\/post"}],"author":[{"embeddable":true,"href":"https:\/\/www.tunuyan.gov.ar\/site\/wp-json\/wp\/v2\/users\/4"}],"replies":[{"embeddable":true,"href":"https:\/\/www.tunuyan.gov.ar\/site\/wp-json\/wp\/v2\/comments?post=30044"}],"version-history":[{"count":11,"href":"https:\/\/www.tunuyan.gov.ar\/site\/wp-json\/wp\/v2\/posts\/30044\/revisions"}],"predecessor-version":[{"id":30079,"href":"https:\/\/www.tunuyan.gov.ar\/site\/wp-json\/wp\/v2\/posts\/30044\/revisions\/30079"}],"wp:featuredmedia":[{"embeddable":true,"href":"https:\/\/www.tunuyan.gov.ar\/site\/wp-json\/wp\/v2\/media\/30055"}],"wp:attachment":[{"href":"https:\/\/www.tunuyan.gov.ar\/site\/wp-json\/wp\/v2\/media?parent=30044"}],"wp:term":[{"taxonomy":"category","embeddable":true,"href":"https:\/\/www.tunuyan.gov.ar\/site\/wp-json\/wp\/v2\/categories?post=30044"},{"taxonomy":"post_tag","embeddable":true,"href":"https:\/\/www.tunuyan.gov.ar\/site\/wp-json\/wp\/v2\/tags?post=30044"}],"curies":[{"name":"wp","href":"https:\/\/api.w.org\/{rel}","templated":true}]}}