{"id":31187,"date":"2026-02-21T11:03:35","date_gmt":"2026-02-21T14:03:35","guid":{"rendered":"https:\/\/www.tunuyan.gov.ar\/site\/?p=31187"},"modified":"2026-02-21T11:03:35","modified_gmt":"2026-02-21T14:03:35","slug":"tunuyan-participara-del-paseo-federal-con-un-homenaje-a-las-mujeres-de-vendimia-y-un-stand-dedicado-a-los-90-anos-de-la-celebracion","status":"publish","type":"post","link":"https:\/\/www.tunuyan.gov.ar\/site\/tunuyan-participara-del-paseo-federal-con-un-homenaje-a-las-mujeres-de-vendimia-y-un-stand-dedicado-a-los-90-anos-de-la-celebracion\/","title":{"rendered":"Tunuy\u00e1n participar\u00e1 del Paseo Federal con un homenaje a las mujeres de Vendimia y un stand dedicado a los 90 a\u00f1os de la celebraci\u00f3n"},"content":{"rendered":"\n<p>La Municipalidad ser\u00e1 parte de una nueva edici\u00f3n del <strong>Paseo Federal del 23 al 25 de febrero<\/strong>, desde las 19 hs, en el Predio Verde del Polideportivo Municipal de Lavalle, con entrada libre y gratuita. Este espacio re\u00fane a los <strong>18 departamentos<\/strong> de la provincia y se consolida como una de las actividades m\u00e1s esperadas en la previa de la Fiesta Nacional de la Vendimia, permitiendo mostrar la diversidad cultural, gastron\u00f3mica y tur\u00edstica de cada territorio.<\/p>\n\n\n\n<p><strong>Tunuy\u00e1n ser\u00e1 protagonista el martes 24<\/strong>, noche en la que presentar\u00e1 \u201cMujeres de Vendimia\u201d, un homenaje art\u00edstico que destaca el rol hist\u00f3rico de la mujer en la actividad vitivin\u00edcola y en la construcci\u00f3n cultural de Mendoza. El espect\u00e1culo incluir\u00e1 la participaci\u00f3n de <strong>14 artistas, entre bailarines y actores<\/strong>, en seis cuadros esc\u00e9nicos de aproximadamente 20 minutos, donde la labor cotidiana, la memoria y el arraigo se expresan a trav\u00e9s de la danza, la interpretaci\u00f3n y la palabra. <strong>Nuestra Reina Departamental, Agustina Giacomelli<\/strong>, desempe\u00f1ar\u00e1 un papel destacado dentro del relato.<\/p>\n\n\n\n<p>Adem\u00e1s de la propuesta art\u00edstica, Tunuy\u00e1n contar\u00e1 con un stand institucional cuya t<strong>em\u00e1tica principal ser\u00e1 el 90\u00b0 aniversario de la Fiesta Nacional de la Vendimia<\/strong>, articulada con los productos identitarios del departamento: la cereza, la uva, el vino y las frutas del Valle de Uco. La estructura incluir\u00e1 vi\u00f1edos recreados, im\u00e1genes de la cordillera y paisajes de monta\u00f1a, resaltando el turismo aventura, uno de los principales atractivos de la regi\u00f3n. Tambi\u00e9n habr\u00e1 un sector dedicado a la historia vendimial, con cuadros de Reinas Nacionales de mandato cumplido y Reinas departamentales que han representado a Tunuy\u00e1n a lo largo de los a\u00f1os.<\/p>\n\n\n\n<p><strong>El stand ofrecer\u00e1<\/strong> degustaciones de cerezas frescas, combinadas con queso y vino blanco, adem\u00e1s de jam\u00f3n crudo como parte del acompa\u00f1amiento propuesto para los visitantes. La actividad se complementar\u00e1 con una ruleta de juegos con preguntas sobre atractivos tur\u00edsticos del departamento, enoturismo, generalidades mendocinas y historia sanmartiniana, permitiendo a los asistentes participar de manera recreativa y conocer m\u00e1s sobre la identidad local.<\/p>\n\n\n\n<p>Acompa\u00f1ar\u00e1n la jornada la Virreina Departamental, <strong>Pilar Serrani<\/strong>; la Reina Nacional de la Tonada, <strong>Jazm\u00edn Riveros<\/strong>; y la Virreina Nacional de la Tonada, <strong>Josefina Cantalejos<\/strong>, quienes se sumar\u00e1n al equipo municipal en la difusi\u00f3n de la propuesta cultural y tur\u00edstica del departamento.<\/p>\n\n\n\n<p>El Paseo Federal ser\u00e1 nuevamente un espacio para compartir la identidad mendocina y fortalecer el v\u00ednculo entre los departamentos en la antesala de la principal celebraci\u00f3n de la provincia. Tunuy\u00e1n presentar\u00e1 una combinaci\u00f3n art\u00edstica y productiva que destaca la tradici\u00f3n vitivin\u00edcola, la historia vendimial y el potencial tur\u00edstico del territorio.<\/p>\n\n\n\n<p><\/p>\n","protected":false},"excerpt":{"rendered":"<p>Del 23 al 25 de febrero<\/p>\n","protected":false},"author":4,"featured_media":31188,"comment_status":"closed","ping_status":"","sticky":false,"template":"","format":"standard","meta":{"footnotes":""},"categories":[24],"tags":[],"class_list":["post-31187","post","type-post","status-publish","format-standard","has-post-thumbnail","hentry","category-noticias"],"_links":{"self":[{"href":"https:\/\/www.tunuyan.gov.ar\/site\/wp-json\/wp\/v2\/posts\/31187","targetHints":{"allow":["GET"]}}],"collection":[{"href":"https:\/\/www.tunuyan.gov.ar\/site\/wp-json\/wp\/v2\/posts"}],"about":[{"href":"https:\/\/www.tunuyan.gov.ar\/site\/wp-json\/wp\/v2\/types\/post"}],"author":[{"embeddable":true,"href":"https:\/\/www.tunuyan.gov.ar\/site\/wp-json\/wp\/v2\/users\/4"}],"replies":[{"embeddable":true,"href":"https:\/\/www.tunuyan.gov.ar\/site\/wp-json\/wp\/v2\/comments?post=31187"}],"version-history":[{"count":1,"href":"https:\/\/www.tunuyan.gov.ar\/site\/wp-json\/wp\/v2\/posts\/31187\/revisions"}],"predecessor-version":[{"id":31189,"href":"https:\/\/www.tunuyan.gov.ar\/site\/wp-json\/wp\/v2\/posts\/31187\/revisions\/31189"}],"wp:featuredmedia":[{"embeddable":true,"href":"https:\/\/www.tunuyan.gov.ar\/site\/wp-json\/wp\/v2\/media\/31188"}],"wp:attachment":[{"href":"https:\/\/www.tunuyan.gov.ar\/site\/wp-json\/wp\/v2\/media?parent=31187"}],"wp:term":[{"taxonomy":"category","embeddable":true,"href":"https:\/\/www.tunuyan.gov.ar\/site\/wp-json\/wp\/v2\/categories?post=31187"},{"taxonomy":"post_tag","embeddable":true,"href":"https:\/\/www.tunuyan.gov.ar\/site\/wp-json\/wp\/v2\/tags?post=31187"}],"curies":[{"name":"wp","href":"https:\/\/api.w.org\/{rel}","templated":true}]}}