{"id":32620,"date":"2026-04-29T10:24:32","date_gmt":"2026-04-29T13:24:32","guid":{"rendered":"https:\/\/www.tunuyan.gov.ar\/site\/?p=32620"},"modified":"2026-04-29T11:54:55","modified_gmt":"2026-04-29T14:54:55","slug":"acto-de-entrega-de-mochilas-tecnicas-del-pronafe","status":"publish","type":"post","link":"https:\/\/www.tunuyan.gov.ar\/site\/acto-de-entrega-de-mochilas-tecnicas-del-pronafe\/","title":{"rendered":"Acto de entrega de mochilas t\u00e9cnicas del PRONAFE"},"content":{"rendered":"\n<p>El intendente Emir Andraos, fue el anfitri\u00f3n del acto realizado en el Auditorio Municipal, donde se llev\u00f3 a cabo la entrega de mochilas t\u00e9cnicas del Programa Nacional de Formaci\u00f3n de Enfermer\u00eda (PRONAFE). Las mismas fueron destinadas a estudiantes avanzados de la carrera de Enfermer\u00eda Profesional. La jornada reuni\u00f3 a la comunidad educativa del IES 9-015 Valle de Uco \u2014sede central y Unidad Acad\u00e9mica Tunuy\u00e1n\u2014 junto al Instituto PT 72-IDICSA, en un acontecimiento especialmente significativo para quienes se preparan para desempe\u00f1ar una tarea esencial al servicio de la salud y el cuidado de la comunidad.<\/p>\n\n\n\n<p>El acto cont\u00f3 con la participaci\u00f3n de autoridades provinciales y municipales, entre ellas el Ministro de Educaci\u00f3n, Cultura, Infancias y Direcci\u00f3n General de Escuelas Tadeo Garc\u00eda Salazar, los intendentes Alejandro Morillas (San Carlos) y Gustavo Aguilera (Tupungato); la directora de Educaci\u00f3n Superior de Mendoza, Lic. Mariela Ramos; la coordinadora provincial de PRONAFE, Lic. Liliana Cuello; y el tesorero del PT 72-IDICSA, Sr. Manuel Ferreira. La entrega de mochilas fue realizada por quienes conformaron la mesa acad\u00e9mica junto a las coordinadoras de la carrera de Enfermer\u00eda: Lic. Anal\u00eda Bel\u00e9n Alcaraz y Lic. Sandra Moreno por el IES, y Lic. Rosa Barreintos por IDICSA.<\/p>\n\n\n\n<p>Este aporte representa un recurso material de gran valor y, al mismo tiempo, un reconocimiento al esfuerzo, compromiso y vocaci\u00f3n de los estudiantes. El PRONAFE, creado en 2016, tiene como objetivo mejorar la calidad de la formaci\u00f3n y aumentar la cantidad de profesionales de enfermer\u00eda en la provincia, mediante acciones como equipamiento institucional, becas de apoyo econ\u00f3mico y capacitaci\u00f3n docente.<\/p>\n\n\n\n<p>El intendente Emir Andraos resalt\u00f3 la importancia de la educaci\u00f3n en el Valle de Uco y el trabajo conjunto entre los mandatarios de la regi\u00f3n, que permite ampliar la oferta acad\u00e9mica. Tambi\u00e9n valor\u00f3 la excelente relaci\u00f3n con las instituciones educativas y reafirm\u00f3 el rol de la educaci\u00f3n p\u00fablica en Argentina, pa\u00eds que se ha caracterizado por garantizar oportunidades de acceso y formaci\u00f3n para todos, independientemente del origen o los recursos disponibles.<\/p>\n\n\n\n<p>El rector del IES 9-015, Lic. Daniel Gallardo, destac\u00f3 que \u201ceste programa ha trascendido gobiernos nacionales porque comenz\u00f3 a gestarse en 2016\u201d y subray\u00f3 que se sostiene en el tiempo porque la carrera que los estudiantes eligieron \u201chabla de la salud y la vida\u201d. Mientras que el ministro Tadeo Garc\u00eda Salazar, defini\u00f3 a la carrera de enfermer\u00eda como estrat\u00e9gica para Mendoza y para el pa\u00eds: \u201cla carrera de enfermer\u00eda va a prevalecer en el tiempo y el contacto humano es fundamental para cualquier acci\u00f3n en el campo laboral, por lo tanto, es de f\u00e1cil inserci\u00f3n en el plano del trabajo\u201d.<\/p>\n\n\n\n<figure class=\"wp-block-gallery has-nested-images columns-default is-cropped wp-block-gallery-1 is-layout-flex wp-block-gallery-is-layout-flex\">\n<figure class=\"wp-block-image size-large\"><a href=\"https:\/\/www.tunuyan.gov.ar\/site\/wp-content\/uploads\/2026\/04\/Mochilas-IES-1.jpg\"><img fetchpriority=\"high\" decoding=\"async\" width=\"1024\" height=\"682\" data-id=\"32644\" src=\"https:\/\/www.tunuyan.gov.ar\/site\/wp-content\/uploads\/2026\/04\/Mochilas-IES-1-1024x682.jpg\" alt=\"\" class=\"wp-image-32644\" srcset=\"https:\/\/www.tunuyan.gov.ar\/site\/wp-content\/uploads\/2026\/04\/Mochilas-IES-1-1024x682.jpg 1024w, https:\/\/www.tunuyan.gov.ar\/site\/wp-content\/uploads\/2026\/04\/Mochilas-IES-1-300x200.jpg 300w, https:\/\/www.tunuyan.gov.ar\/site\/wp-content\/uploads\/2026\/04\/Mochilas-IES-1-768x512.jpg 768w, https:\/\/www.tunuyan.gov.ar\/site\/wp-content\/uploads\/2026\/04\/Mochilas-IES-1-1536x1023.jpg 1536w, https:\/\/www.tunuyan.gov.ar\/site\/wp-content\/uploads\/2026\/04\/Mochilas-IES-1.jpg 1600w\" sizes=\"(max-width: 1024px) 100vw, 1024px\" \/><\/a><\/figure>\n\n\n\n<figure class=\"wp-block-image size-large\"><a href=\"https:\/\/www.tunuyan.gov.ar\/site\/wp-content\/uploads\/2026\/04\/Mochilas-IES-2.jpg\"><img decoding=\"async\" width=\"1024\" height=\"679\" data-id=\"32642\" src=\"https:\/\/www.tunuyan.gov.ar\/site\/wp-content\/uploads\/2026\/04\/Mochilas-IES-2-1024x679.jpg\" alt=\"\" class=\"wp-image-32642\" srcset=\"https:\/\/www.tunuyan.gov.ar\/site\/wp-content\/uploads\/2026\/04\/Mochilas-IES-2-1024x679.jpg 1024w, https:\/\/www.tunuyan.gov.ar\/site\/wp-content\/uploads\/2026\/04\/Mochilas-IES-2-300x199.jpg 300w, https:\/\/www.tunuyan.gov.ar\/site\/wp-content\/uploads\/2026\/04\/Mochilas-IES-2-768x509.jpg 768w, https:\/\/www.tunuyan.gov.ar\/site\/wp-content\/uploads\/2026\/04\/Mochilas-IES-2-1536x1019.jpg 1536w, https:\/\/www.tunuyan.gov.ar\/site\/wp-content\/uploads\/2026\/04\/Mochilas-IES-2.jpg 1600w\" sizes=\"(max-width: 1024px) 100vw, 1024px\" \/><\/a><\/figure>\n\n\n\n<figure class=\"wp-block-image size-large\"><a href=\"https:\/\/www.tunuyan.gov.ar\/site\/wp-content\/uploads\/2026\/04\/Mochilas-IES-3.jpg\"><img decoding=\"async\" width=\"1024\" height=\"691\" data-id=\"32641\" src=\"https:\/\/www.tunuyan.gov.ar\/site\/wp-content\/uploads\/2026\/04\/Mochilas-IES-3-1024x691.jpg\" alt=\"\" class=\"wp-image-32641\" srcset=\"https:\/\/www.tunuyan.gov.ar\/site\/wp-content\/uploads\/2026\/04\/Mochilas-IES-3-1024x691.jpg 1024w, https:\/\/www.tunuyan.gov.ar\/site\/wp-content\/uploads\/2026\/04\/Mochilas-IES-3-300x202.jpg 300w, https:\/\/www.tunuyan.gov.ar\/site\/wp-content\/uploads\/2026\/04\/Mochilas-IES-3-768x518.jpg 768w, https:\/\/www.tunuyan.gov.ar\/site\/wp-content\/uploads\/2026\/04\/Mochilas-IES-3-1536x1036.jpg 1536w, https:\/\/www.tunuyan.gov.ar\/site\/wp-content\/uploads\/2026\/04\/Mochilas-IES-3.jpg 1600w\" sizes=\"(max-width: 1024px) 100vw, 1024px\" \/><\/a><\/figure>\n\n\n\n<figure class=\"wp-block-image size-large\"><a href=\"https:\/\/www.tunuyan.gov.ar\/site\/wp-content\/uploads\/2026\/04\/Mochilas-IES-4.jpg\"><img loading=\"lazy\" decoding=\"async\" width=\"1024\" height=\"682\" data-id=\"32643\" src=\"https:\/\/www.tunuyan.gov.ar\/site\/wp-content\/uploads\/2026\/04\/Mochilas-IES-4-1024x682.jpg\" alt=\"\" class=\"wp-image-32643\" srcset=\"https:\/\/www.tunuyan.gov.ar\/site\/wp-content\/uploads\/2026\/04\/Mochilas-IES-4-1024x682.jpg 1024w, https:\/\/www.tunuyan.gov.ar\/site\/wp-content\/uploads\/2026\/04\/Mochilas-IES-4-300x200.jpg 300w, https:\/\/www.tunuyan.gov.ar\/site\/wp-content\/uploads\/2026\/04\/Mochilas-IES-4-768x512.jpg 768w, https:\/\/www.tunuyan.gov.ar\/site\/wp-content\/uploads\/2026\/04\/Mochilas-IES-4-1536x1023.jpg 1536w, https:\/\/www.tunuyan.gov.ar\/site\/wp-content\/uploads\/2026\/04\/Mochilas-IES-4.jpg 1600w\" sizes=\"(max-width: 1024px) 100vw, 1024px\" \/><\/a><\/figure>\n\n\n\n<figure class=\"wp-block-image size-large\"><a href=\"https:\/\/www.tunuyan.gov.ar\/site\/wp-content\/uploads\/2026\/04\/Mochilas-IES-6.jpg\"><img loading=\"lazy\" decoding=\"async\" width=\"1024\" height=\"682\" data-id=\"32645\" src=\"https:\/\/www.tunuyan.gov.ar\/site\/wp-content\/uploads\/2026\/04\/Mochilas-IES-6-1024x682.jpg\" alt=\"\" class=\"wp-image-32645\" srcset=\"https:\/\/www.tunuyan.gov.ar\/site\/wp-content\/uploads\/2026\/04\/Mochilas-IES-6-1024x682.jpg 1024w, https:\/\/www.tunuyan.gov.ar\/site\/wp-content\/uploads\/2026\/04\/Mochilas-IES-6-300x200.jpg 300w, https:\/\/www.tunuyan.gov.ar\/site\/wp-content\/uploads\/2026\/04\/Mochilas-IES-6-768x512.jpg 768w, https:\/\/www.tunuyan.gov.ar\/site\/wp-content\/uploads\/2026\/04\/Mochilas-IES-6-1536x1023.jpg 1536w, https:\/\/www.tunuyan.gov.ar\/site\/wp-content\/uploads\/2026\/04\/Mochilas-IES-6.jpg 1600w\" sizes=\"(max-width: 1024px) 100vw, 1024px\" \/><\/a><\/figure>\n\n\n\n<figure class=\"wp-block-image size-large\"><a href=\"https:\/\/www.tunuyan.gov.ar\/site\/wp-content\/uploads\/2026\/04\/Mochilas-IES-7.jpg\"><img loading=\"lazy\" decoding=\"async\" width=\"1024\" height=\"649\" data-id=\"32646\" src=\"https:\/\/www.tunuyan.gov.ar\/site\/wp-content\/uploads\/2026\/04\/Mochilas-IES-7-1024x649.jpg\" alt=\"\" class=\"wp-image-32646\" srcset=\"https:\/\/www.tunuyan.gov.ar\/site\/wp-content\/uploads\/2026\/04\/Mochilas-IES-7-1024x649.jpg 1024w, https:\/\/www.tunuyan.gov.ar\/site\/wp-content\/uploads\/2026\/04\/Mochilas-IES-7-300x190.jpg 300w, https:\/\/www.tunuyan.gov.ar\/site\/wp-content\/uploads\/2026\/04\/Mochilas-IES-7-768x487.jpg 768w, https:\/\/www.tunuyan.gov.ar\/site\/wp-content\/uploads\/2026\/04\/Mochilas-IES-7-1536x973.jpg 1536w, https:\/\/www.tunuyan.gov.ar\/site\/wp-content\/uploads\/2026\/04\/Mochilas-IES-7.jpg 1600w\" sizes=\"(max-width: 1024px) 100vw, 1024px\" \/><\/a><\/figure>\n\n\n\n<figure class=\"wp-block-image size-large\"><a href=\"https:\/\/www.tunuyan.gov.ar\/site\/wp-content\/uploads\/2026\/04\/Mochilas-IES-8.jpg\"><img loading=\"lazy\" decoding=\"async\" width=\"1024\" height=\"682\" data-id=\"32647\" src=\"https:\/\/www.tunuyan.gov.ar\/site\/wp-content\/uploads\/2026\/04\/Mochilas-IES-8-1024x682.jpg\" alt=\"\" class=\"wp-image-32647\" srcset=\"https:\/\/www.tunuyan.gov.ar\/site\/wp-content\/uploads\/2026\/04\/Mochilas-IES-8-1024x682.jpg 1024w, https:\/\/www.tunuyan.gov.ar\/site\/wp-content\/uploads\/2026\/04\/Mochilas-IES-8-300x200.jpg 300w, https:\/\/www.tunuyan.gov.ar\/site\/wp-content\/uploads\/2026\/04\/Mochilas-IES-8-768x512.jpg 768w, https:\/\/www.tunuyan.gov.ar\/site\/wp-content\/uploads\/2026\/04\/Mochilas-IES-8-1536x1023.jpg 1536w, https:\/\/www.tunuyan.gov.ar\/site\/wp-content\/uploads\/2026\/04\/Mochilas-IES-8.jpg 1600w\" sizes=\"(max-width: 1024px) 100vw, 1024px\" \/><\/a><\/figure>\n\n\n\n<figure class=\"wp-block-image size-large\"><a href=\"https:\/\/www.tunuyan.gov.ar\/site\/wp-content\/uploads\/2026\/04\/Mochilas-IES-9.jpg\"><img loading=\"lazy\" decoding=\"async\" width=\"1024\" height=\"785\" data-id=\"32648\" src=\"https:\/\/www.tunuyan.gov.ar\/site\/wp-content\/uploads\/2026\/04\/Mochilas-IES-9-1024x785.jpg\" alt=\"\" class=\"wp-image-32648\" srcset=\"https:\/\/www.tunuyan.gov.ar\/site\/wp-content\/uploads\/2026\/04\/Mochilas-IES-9-1024x785.jpg 1024w, https:\/\/www.tunuyan.gov.ar\/site\/wp-content\/uploads\/2026\/04\/Mochilas-IES-9-300x230.jpg 300w, https:\/\/www.tunuyan.gov.ar\/site\/wp-content\/uploads\/2026\/04\/Mochilas-IES-9-768x588.jpg 768w, https:\/\/www.tunuyan.gov.ar\/site\/wp-content\/uploads\/2026\/04\/Mochilas-IES-9-1536x1177.jpg 1536w, https:\/\/www.tunuyan.gov.ar\/site\/wp-content\/uploads\/2026\/04\/Mochilas-IES-9.jpg 1600w\" sizes=\"(max-width: 1024px) 100vw, 1024px\" \/><\/a><\/figure>\n\n\n\n<figure class=\"wp-block-image size-large\"><a href=\"https:\/\/www.tunuyan.gov.ar\/site\/wp-content\/uploads\/2026\/04\/Mochilas-IES-10.jpg\"><img loading=\"lazy\" decoding=\"async\" width=\"1024\" height=\"682\" data-id=\"32649\" src=\"https:\/\/www.tunuyan.gov.ar\/site\/wp-content\/uploads\/2026\/04\/Mochilas-IES-10-1024x682.jpg\" alt=\"\" class=\"wp-image-32649\" srcset=\"https:\/\/www.tunuyan.gov.ar\/site\/wp-content\/uploads\/2026\/04\/Mochilas-IES-10-1024x682.jpg 1024w, https:\/\/www.tunuyan.gov.ar\/site\/wp-content\/uploads\/2026\/04\/Mochilas-IES-10-300x200.jpg 300w, https:\/\/www.tunuyan.gov.ar\/site\/wp-content\/uploads\/2026\/04\/Mochilas-IES-10-768x512.jpg 768w, https:\/\/www.tunuyan.gov.ar\/site\/wp-content\/uploads\/2026\/04\/Mochilas-IES-10-1536x1023.jpg 1536w, https:\/\/www.tunuyan.gov.ar\/site\/wp-content\/uploads\/2026\/04\/Mochilas-IES-10.jpg 1600w\" sizes=\"(max-width: 1024px) 100vw, 1024px\" \/><\/a><\/figure>\n\n\n\n<figure class=\"wp-block-image size-large\"><a href=\"https:\/\/www.tunuyan.gov.ar\/site\/wp-content\/uploads\/2026\/04\/Mochilas-IES-portada-1.jpg\"><img loading=\"lazy\" decoding=\"async\" width=\"1024\" height=\"708\" data-id=\"32650\" src=\"https:\/\/www.tunuyan.gov.ar\/site\/wp-content\/uploads\/2026\/04\/Mochilas-IES-portada-1-1024x708.jpg\" alt=\"\" class=\"wp-image-32650\" srcset=\"https:\/\/www.tunuyan.gov.ar\/site\/wp-content\/uploads\/2026\/04\/Mochilas-IES-portada-1-1024x708.jpg 1024w, https:\/\/www.tunuyan.gov.ar\/site\/wp-content\/uploads\/2026\/04\/Mochilas-IES-portada-1-300x208.jpg 300w, https:\/\/www.tunuyan.gov.ar\/site\/wp-content\/uploads\/2026\/04\/Mochilas-IES-portada-1-768x531.jpg 768w, https:\/\/www.tunuyan.gov.ar\/site\/wp-content\/uploads\/2026\/04\/Mochilas-IES-portada-1-1536x1063.jpg 1536w, https:\/\/www.tunuyan.gov.ar\/site\/wp-content\/uploads\/2026\/04\/Mochilas-IES-portada-1.jpg 1600w\" sizes=\"(max-width: 1024px) 100vw, 1024px\" \/><\/a><\/figure>\n<\/figure>\n\n\n\n<p><\/p>\n","protected":false},"excerpt":{"rendered":"<p>Educaci\u00f3n VDU<\/p>\n","protected":false},"author":4,"featured_media":32674,"comment_status":"closed","ping_status":"","sticky":false,"template":"","format":"standard","meta":{"footnotes":""},"categories":[24],"tags":[],"class_list":["post-32620","post","type-post","status-publish","format-standard","has-post-thumbnail","hentry","category-noticias"],"_links":{"self":[{"href":"https:\/\/www.tunuyan.gov.ar\/site\/wp-json\/wp\/v2\/posts\/32620","targetHints":{"allow":["GET"]}}],"collection":[{"href":"https:\/\/www.tunuyan.gov.ar\/site\/wp-json\/wp\/v2\/posts"}],"about":[{"href":"https:\/\/www.tunuyan.gov.ar\/site\/wp-json\/wp\/v2\/types\/post"}],"author":[{"embeddable":true,"href":"https:\/\/www.tunuyan.gov.ar\/site\/wp-json\/wp\/v2\/users\/4"}],"replies":[{"embeddable":true,"href":"https:\/\/www.tunuyan.gov.ar\/site\/wp-json\/wp\/v2\/comments?post=32620"}],"version-history":[{"count":6,"href":"https:\/\/www.tunuyan.gov.ar\/site\/wp-json\/wp\/v2\/posts\/32620\/revisions"}],"predecessor-version":[{"id":32667,"href":"https:\/\/www.tunuyan.gov.ar\/site\/wp-json\/wp\/v2\/posts\/32620\/revisions\/32667"}],"wp:featuredmedia":[{"embeddable":true,"href":"https:\/\/www.tunuyan.gov.ar\/site\/wp-json\/wp\/v2\/media\/32674"}],"wp:attachment":[{"href":"https:\/\/www.tunuyan.gov.ar\/site\/wp-json\/wp\/v2\/media?parent=32620"}],"wp:term":[{"taxonomy":"category","embeddable":true,"href":"https:\/\/www.tunuyan.gov.ar\/site\/wp-json\/wp\/v2\/categories?post=32620"},{"taxonomy":"post_tag","embeddable":true,"href":"https:\/\/www.tunuyan.gov.ar\/site\/wp-json\/wp\/v2\/tags?post=32620"}],"curies":[{"name":"wp","href":"https:\/\/api.w.org\/{rel}","templated":true}]}}