{"id":32623,"date":"2026-04-29T08:54:05","date_gmt":"2026-04-29T11:54:05","guid":{"rendered":"https:\/\/www.tunuyan.gov.ar\/site\/?p=32623"},"modified":"2026-04-29T10:21:54","modified_gmt":"2026-04-29T13:21:54","slug":"agenda-y-disfruta-de-la-semana-de-ciclo-teatro-en-el-auditorio-municipal","status":"publish","type":"post","link":"https:\/\/www.tunuyan.gov.ar\/site\/agenda-y-disfruta-de-la-semana-de-ciclo-teatro-en-el-auditorio-municipal\/","title":{"rendered":"Agend\u00e1 y disfrut\u00e1 de la Semana de Ciclo Teatro en el Auditorio Municipal"},"content":{"rendered":"\n<p>La Municipalidad de Tunuy\u00e1n, a trav\u00e9s de la Direcci\u00f3n de Cultura, invita a la comunidad a disfrutar de la Semana de Ciclo Teatro, una propuesta que re\u00fane a distintos elencos locales en el Auditorio Municipal \u201cDr. Jorge Ra\u00fal Silvano\u201d.<\/p>\n\n\n\n<p>La iniciativa busca fortalecer y visibilizar el trabajo de los grupos teatrales independientes del departamento, generando un espacio de encuentro entre artistas y p\u00fablico. Adem\u00e1s, permite acompa\u00f1ar la actividad cultural local mediante la venta de entradas, que podr\u00e1n adquirirse a trav\u00e9s de los elencos locales que participan de la propuesta, con un valor de $8.000. Esta modalidad constituye una forma de retribuci\u00f3n econ\u00f3mica directa para las y los artistas.<\/p>\n\n\n\n<p>En este marco, la Municipalidad pone a disposici\u00f3n el espacio esc\u00e9nico, el equipamiento t\u00e9cnico y los recursos necesarios para el adecuado desarrollo de cada funci\u00f3n. De esta manera, se contin\u00faa promoviendo el acceso a propuestas culturales y el crecimiento de la escena teatral en Tunuy\u00e1n.<\/p>\n\n\n\n<p>La programaci\u00f3n comenzar\u00e1 el <strong>11 de mayo a las 16 horas<\/strong> con la obra <strong>\u201cLa \u00faltima gota de color\u201d<\/strong>, a cargo del elenco <strong>Los Chulis<\/strong>, destinada a todo p\u00fablico.<\/p>\n\n\n\n<p>El <strong>12 de mayo<\/strong> habr\u00e1 dos funciones. A las <strong>16 horas<\/strong> se presentar\u00e1 <strong>\u201cExpediente Humanon\u2018t\u2019\u201d<\/strong>, del elenco <strong>Dulce Mermelada<\/strong>, para todo p\u00fablico. Luego, a las <strong>21 horas<\/strong>, ser\u00e1 el turno de <strong>\u201cLa princesa y el ladr\u00f3n\u201d<\/strong>, del elenco <strong>Mi Peque\u00f1o Arte<\/strong>, tambi\u00e9n destinada a todo p\u00fablico.<\/p>\n\n\n\n<p>La agenda continuar\u00e1 el <strong>13 de mayo<\/strong> con dos propuestas. A las <strong>9.30 horas<\/strong> se presentar\u00e1 <strong>\u201cModo desconocidos\u201d<\/strong>, del <strong>Elenco Inestable<\/strong>, para todo p\u00fablico. M\u00e1s tarde, a las <strong>21 horas<\/strong>, subir\u00e1 a escena <strong>\u201cEl jugador\u201d<\/strong>, del elenco <strong>Las Jugadoras<\/strong>, recomendada para mayores de 12 a\u00f1os.<\/p>\n\n\n\n<figure class=\"wp-block-gallery has-nested-images columns-default is-cropped wp-block-gallery-1 is-layout-flex wp-block-gallery-is-layout-flex\">\n<figure class=\"wp-block-image size-large\"><a href=\"https:\/\/www.tunuyan.gov.ar\/site\/wp-content\/uploads\/2026\/04\/Ciclo-de-Teatro-Flayer_1.jpg.jpeg\"><img fetchpriority=\"high\" decoding=\"async\" width=\"768\" height=\"1024\" data-id=\"32638\" src=\"https:\/\/www.tunuyan.gov.ar\/site\/wp-content\/uploads\/2026\/04\/Ciclo-de-Teatro-Flayer_1.jpg-768x1024.jpeg\" alt=\"\" class=\"wp-image-32638\" srcset=\"https:\/\/www.tunuyan.gov.ar\/site\/wp-content\/uploads\/2026\/04\/Ciclo-de-Teatro-Flayer_1.jpg-768x1024.jpeg 768w, https:\/\/www.tunuyan.gov.ar\/site\/wp-content\/uploads\/2026\/04\/Ciclo-de-Teatro-Flayer_1.jpg-225x300.jpeg 225w, https:\/\/www.tunuyan.gov.ar\/site\/wp-content\/uploads\/2026\/04\/Ciclo-de-Teatro-Flayer_1.jpg-1152x1536.jpeg 1152w, https:\/\/www.tunuyan.gov.ar\/site\/wp-content\/uploads\/2026\/04\/Ciclo-de-Teatro-Flayer_1.jpg.jpeg 1195w\" sizes=\"(max-width: 768px) 100vw, 768px\" \/><\/a><\/figure>\n<\/figure>\n\n\n\n<p><\/p>\n","protected":false},"excerpt":{"rendered":"<p>CULTURA<\/p>\n","protected":false},"author":6,"featured_media":32626,"comment_status":"closed","ping_status":"","sticky":false,"template":"","format":"standard","meta":{"footnotes":""},"categories":[24],"tags":[],"class_list":["post-32623","post","type-post","status-publish","format-standard","has-post-thumbnail","hentry","category-noticias"],"_links":{"self":[{"href":"https:\/\/www.tunuyan.gov.ar\/site\/wp-json\/wp\/v2\/posts\/32623","targetHints":{"allow":["GET"]}}],"collection":[{"href":"https:\/\/www.tunuyan.gov.ar\/site\/wp-json\/wp\/v2\/posts"}],"about":[{"href":"https:\/\/www.tunuyan.gov.ar\/site\/wp-json\/wp\/v2\/types\/post"}],"author":[{"embeddable":true,"href":"https:\/\/www.tunuyan.gov.ar\/site\/wp-json\/wp\/v2\/users\/6"}],"replies":[{"embeddable":true,"href":"https:\/\/www.tunuyan.gov.ar\/site\/wp-json\/wp\/v2\/comments?post=32623"}],"version-history":[{"count":5,"href":"https:\/\/www.tunuyan.gov.ar\/site\/wp-json\/wp\/v2\/posts\/32623\/revisions"}],"predecessor-version":[{"id":32653,"href":"https:\/\/www.tunuyan.gov.ar\/site\/wp-json\/wp\/v2\/posts\/32623\/revisions\/32653"}],"wp:featuredmedia":[{"embeddable":true,"href":"https:\/\/www.tunuyan.gov.ar\/site\/wp-json\/wp\/v2\/media\/32626"}],"wp:attachment":[{"href":"https:\/\/www.tunuyan.gov.ar\/site\/wp-json\/wp\/v2\/media?parent=32623"}],"wp:term":[{"taxonomy":"category","embeddable":true,"href":"https:\/\/www.tunuyan.gov.ar\/site\/wp-json\/wp\/v2\/categories?post=32623"},{"taxonomy":"post_tag","embeddable":true,"href":"https:\/\/www.tunuyan.gov.ar\/site\/wp-json\/wp\/v2\/tags?post=32623"}],"curies":[{"name":"wp","href":"https:\/\/api.w.org\/{rel}","templated":true}]}}