{"id":36649,"date":"2026-08-31T09:46:34","date_gmt":"2026-08-31T12:46:34","guid":{"rendered":"https:\/\/www.tunuyan.gov.ar\/site\/?p=36649"},"modified":"2026-08-31T10:17:36","modified_gmt":"2026-08-31T13:17:36","slug":"la-vete-movil-presenta-su-calendario-de-septiembre","status":"publish","type":"post","link":"https:\/\/www.tunuyan.gov.ar\/site\/la-vete-movil-presenta-su-calendario-de-septiembre\/","title":{"rendered":"La Vete M\u00f3vil presenta su calendario de septiembre"},"content":{"rendered":"\n<p class=\"wp-block-paragraph\">La <strong>Municipalidad de Tunuy\u00e1n <\/strong>dio a conocer el nuevo cronograma de la<strong> Veterinaria M\u00f3vil<\/strong> para el mes de septiembre. El operativo recorrer\u00e1 distintos puntos del departamento con servicios gratuitos de castraci\u00f3n, vacunaci\u00f3n y desparasitaci\u00f3n para perros y gatos.<\/p>\n\n\n\n<p class=\"wp-block-paragraph\">La atenci\u00f3n comenzar\u00e1 a las <strong>9 horas<\/strong> y se realizar\u00e1 por orden de llegada. Cada jornada contar\u00e1 con 10 cupos para castraciones, por lo que se recomienda concurrir con anticipaci\u00f3n.<\/p>\n\n\n\n<p class=\"wp-block-paragraph\">Durante septiembre, el recorrido comenzar\u00e1 <strong>el 1 y 2 en Red Animal, Tunuy\u00e1n. Luego, la unidad estar\u00e1 el 7, 8 y 9 en el CIC Distrital de El Algarrobo; el 14, 15 y 16 en Plaza B\u00b0 Pircas 2; el 21, 22 y 23 en Plaza B\u00b0 Costa Azul, Colonia Las Rosas; y finalizar\u00e1 el 28, 29 y 30 en Plaza B\u00b0 Pircas 1.<\/strong><\/p>\n\n\n\n<p class=\"wp-block-paragraph\">Las personas que concurran deber\u00e1n presentar <strong>DNI y llevar un solo animal por persona<\/strong>. Para garantizar las condiciones adecuadas durante la atenci\u00f3n, los gatos deber\u00e1n ser trasladados en una jaula de transporte.<\/p>\n\n\n\n<p class=\"wp-block-paragraph\">En el caso de las castraciones, los animales deber\u00e1n cumplir <strong>12 horas de ayuno<\/strong> sin excepci\u00f3n. Este requisito es fundamental para realizar la cirug\u00eda de manera segura, ya que no respetarlo puede poner en riesgo la vida del animal.<\/p>\n\n\n\n<p class=\"wp-block-paragraph\">La propuesta es impulsada por la <strong>Municipalidad de Tunuy\u00e1n junto a The Vines Foundation<\/strong> y busca acercar atenci\u00f3n veterinaria gratuita a diferentes sectores del departamento, facilitando el acceso a prestaciones esenciales para el cuidado de perros y gatos.<\/p>\n\n\n\n<figure class=\"wp-block-image size-large\"><a href=\"https:\/\/www.tunuyan.gov.ar\/site\/wp-content\/uploads\/2026\/08\/WhatsApp-Image-2026-08-31-at-09.21.46.jpeg\"><img fetchpriority=\"high\" decoding=\"async\" width=\"576\" height=\"1024\" src=\"https:\/\/www.tunuyan.gov.ar\/site\/wp-content\/uploads\/2026\/08\/WhatsApp-Image-2026-08-31-at-09.21.46-576x1024.jpeg\" alt=\"\" class=\"wp-image-36650\" srcset=\"https:\/\/www.tunuyan.gov.ar\/site\/wp-content\/uploads\/2026\/08\/WhatsApp-Image-2026-08-31-at-09.21.46-576x1024.jpeg 576w, https:\/\/www.tunuyan.gov.ar\/site\/wp-content\/uploads\/2026\/08\/WhatsApp-Image-2026-08-31-at-09.21.46-169x300.jpeg 169w, https:\/\/www.tunuyan.gov.ar\/site\/wp-content\/uploads\/2026\/08\/WhatsApp-Image-2026-08-31-at-09.21.46-768x1365.jpeg 768w, https:\/\/www.tunuyan.gov.ar\/site\/wp-content\/uploads\/2026\/08\/WhatsApp-Image-2026-08-31-at-09.21.46-864x1536.jpeg 864w, https:\/\/www.tunuyan.gov.ar\/site\/wp-content\/uploads\/2026\/08\/WhatsApp-Image-2026-08-31-at-09.21.46.jpeg 900w\" sizes=\"(max-width: 576px) 100vw, 576px\" \/><\/a><\/figure>\n","protected":false},"excerpt":{"rendered":"<p>Conoce el cronograma completo <\/p>\n","protected":false},"author":6,"featured_media":36662,"comment_status":"closed","ping_status":"","sticky":false,"template":"","format":"standard","meta":{"footnotes":""},"categories":[24],"tags":[],"class_list":["post-36649","post","type-post","status-publish","format-standard","has-post-thumbnail","hentry","category-noticias"],"_links":{"self":[{"href":"https:\/\/www.tunuyan.gov.ar\/site\/wp-json\/wp\/v2\/posts\/36649","targetHints":{"allow":["GET"]}}],"collection":[{"href":"https:\/\/www.tunuyan.gov.ar\/site\/wp-json\/wp\/v2\/posts"}],"about":[{"href":"https:\/\/www.tunuyan.gov.ar\/site\/wp-json\/wp\/v2\/types\/post"}],"author":[{"embeddable":true,"href":"https:\/\/www.tunuyan.gov.ar\/site\/wp-json\/wp\/v2\/users\/6"}],"replies":[{"embeddable":true,"href":"https:\/\/www.tunuyan.gov.ar\/site\/wp-json\/wp\/v2\/comments?post=36649"}],"version-history":[{"count":2,"href":"https:\/\/www.tunuyan.gov.ar\/site\/wp-json\/wp\/v2\/posts\/36649\/revisions"}],"predecessor-version":[{"id":36653,"href":"https:\/\/www.tunuyan.gov.ar\/site\/wp-json\/wp\/v2\/posts\/36649\/revisions\/36653"}],"wp:featuredmedia":[{"embeddable":true,"href":"https:\/\/www.tunuyan.gov.ar\/site\/wp-json\/wp\/v2\/media\/36662"}],"wp:attachment":[{"href":"https:\/\/www.tunuyan.gov.ar\/site\/wp-json\/wp\/v2\/media?parent=36649"}],"wp:term":[{"taxonomy":"category","embeddable":true,"href":"https:\/\/www.tunuyan.gov.ar\/site\/wp-json\/wp\/v2\/categories?post=36649"},{"taxonomy":"post_tag","embeddable":true,"href":"https:\/\/www.tunuyan.gov.ar\/site\/wp-json\/wp\/v2\/tags?post=36649"}],"curies":[{"name":"wp","href":"https:\/\/api.w.org\/{rel}","templated":true}]}}