{"id":36651,"date":"2026-08-31T10:03:51","date_gmt":"2026-08-31T13:03:51","guid":{"rendered":"https:\/\/www.tunuyan.gov.ar\/site\/?p=36651"},"modified":"2026-08-31T10:04:37","modified_gmt":"2026-08-31T13:04:37","slug":"garrafa-social-agenda-para-esta-semana-vista-flores-colonia-las-rosas-b-urquiza-y-b-guinazu","status":"publish","type":"post","link":"https:\/\/www.tunuyan.gov.ar\/site\/garrafa-social-agenda-para-esta-semana-vista-flores-colonia-las-rosas-b-urquiza-y-b-guinazu\/","title":{"rendered":"Garrafa Social: Agenda para esta semana: Vista Flores, Colonia Las Rosas, B\u00b0 Urquiza y B\u00b0 Gui\u00f1az\u00fa"},"content":{"rendered":"\n<p class=\"wp-block-paragraph\">La Municipalidad de Tunuy\u00e1n contin\u00faa con los recorridos semanales de la Garrafa Social, una iniciativa que llega a diferentes distritos y sectores del departamento para facilitar el acceso de las familias al gas envasado.<\/p>\n\n\n\n<p class=\"wp-block-paragraph\">Cada semana se definen nuevos puntos de distribuci\u00f3n para acercar este recurso esencial tanto a quienes viven en la Ciudad como en los distritos. De esta manera, se reducen las distancias de traslado y m\u00e1s vecinos pueden acceder a la recarga cerca de sus hogares.<\/p>\n\n\n\n<p class=\"wp-block-paragraph\">Esta semana, el operativo llegar\u00e1 a Vista Flores, Colonia Las Rosas y dos sectores de la Ciudad de Tunuy\u00e1n, de acuerdo con el siguiente cronograma:<\/p>\n\n\n\n<p class=\"wp-block-paragraph\"><strong>Mi\u00e9rcoles 2 de septiembre, a las 17 horas:<\/strong> <\/p>\n\n\n\n<ul class=\"wp-block-list\">\n<li>Club Libertad, Vista Flores.<\/li>\n\n\n\n<li>Delegaci\u00f3n Municipal de Colonia Las Rosas <\/li>\n<\/ul>\n\n\n\n<figure class=\"wp-block-gallery has-nested-images columns-default is-cropped wp-block-gallery-1 is-layout-flex wp-block-gallery-is-layout-flex\">\n<figure class=\"wp-block-image size-large\"><a href=\"https:\/\/www.tunuyan.gov.ar\/site\/wp-content\/uploads\/2026\/08\/Garrafa-29.jpg\"><img fetchpriority=\"high\" decoding=\"async\" width=\"768\" height=\"1024\" data-id=\"36655\" src=\"https:\/\/www.tunuyan.gov.ar\/site\/wp-content\/uploads\/2026\/08\/Garrafa-29-768x1024-1.jpg\" alt=\"\" class=\"wp-image-36655\" srcset=\"https:\/\/www.tunuyan.gov.ar\/site\/wp-content\/uploads\/2026\/08\/Garrafa-29-768x1024-1.jpg 768w, https:\/\/www.tunuyan.gov.ar\/site\/wp-content\/uploads\/2026\/08\/Garrafa-29-225x300.jpg 225w, https:\/\/www.tunuyan.gov.ar\/site\/wp-content\/uploads\/2026\/08\/Garrafa-29-1152x1536.jpg 1152w, https:\/\/www.tunuyan.gov.ar\/site\/wp-content\/uploads\/2026\/08\/Garrafa-29-1536x2048.jpg 1536w, https:\/\/www.tunuyan.gov.ar\/site\/wp-content\/uploads\/2026\/08\/Garrafa-29.jpg 1920w\" sizes=\"(max-width: 768px) 100vw, 768px\" \/><\/a><\/figure>\n\n\n\n<figure class=\"wp-block-image size-large\"><a href=\"https:\/\/www.tunuyan.gov.ar\/site\/wp-content\/uploads\/2026\/08\/Garrafa-291.jpg\"><img decoding=\"async\" width=\"768\" height=\"1024\" data-id=\"36656\" src=\"https:\/\/www.tunuyan.gov.ar\/site\/wp-content\/uploads\/2026\/08\/Garrafa-291-768x1024-1.jpg\" alt=\"\" class=\"wp-image-36656\" srcset=\"https:\/\/www.tunuyan.gov.ar\/site\/wp-content\/uploads\/2026\/08\/Garrafa-291-768x1024-1.jpg 768w, https:\/\/www.tunuyan.gov.ar\/site\/wp-content\/uploads\/2026\/08\/Garrafa-291-225x300.jpg 225w, https:\/\/www.tunuyan.gov.ar\/site\/wp-content\/uploads\/2026\/08\/Garrafa-291-1152x1536.jpg 1152w, https:\/\/www.tunuyan.gov.ar\/site\/wp-content\/uploads\/2026\/08\/Garrafa-291-1536x2048.jpg 1536w, https:\/\/www.tunuyan.gov.ar\/site\/wp-content\/uploads\/2026\/08\/Garrafa-291.jpg 1920w\" sizes=\"(max-width: 768px) 100vw, 768px\" \/><\/a><\/figure>\n<\/figure>\n\n\n\n<p class=\"wp-block-paragraph\"><strong>Jueves 3 de septiembre, a las 17 horas:<\/strong><\/p>\n\n\n\n<ul class=\"wp-block-list\">\n<li> Plaza del barrio Gui\u00f1az\u00fa, Ciudad de Tunuy\u00e1n.<\/li>\n\n\n\n<li> Club Deportivo La Posta, Ciudad de Tunuy\u00e1n.<\/li>\n<\/ul>\n\n\n\n<figure class=\"wp-block-gallery has-nested-images columns-default is-cropped wp-block-gallery-2 is-layout-flex wp-block-gallery-is-layout-flex\">\n<figure class=\"wp-block-image size-large\"><a href=\"https:\/\/www.tunuyan.gov.ar\/site\/wp-content\/uploads\/2026\/08\/Garrafa-jueves-39.jpg\"><img decoding=\"async\" width=\"768\" height=\"1024\" data-id=\"36657\" src=\"https:\/\/www.tunuyan.gov.ar\/site\/wp-content\/uploads\/2026\/08\/Garrafa-jueves-39-768x1024-1.jpg\" alt=\"\" class=\"wp-image-36657\" srcset=\"https:\/\/www.tunuyan.gov.ar\/site\/wp-content\/uploads\/2026\/08\/Garrafa-jueves-39-768x1024-1.jpg 768w, https:\/\/www.tunuyan.gov.ar\/site\/wp-content\/uploads\/2026\/08\/Garrafa-jueves-39-225x300.jpg 225w, https:\/\/www.tunuyan.gov.ar\/site\/wp-content\/uploads\/2026\/08\/Garrafa-jueves-39-1152x1536.jpg 1152w, https:\/\/www.tunuyan.gov.ar\/site\/wp-content\/uploads\/2026\/08\/Garrafa-jueves-39-1536x2048.jpg 1536w, https:\/\/www.tunuyan.gov.ar\/site\/wp-content\/uploads\/2026\/08\/Garrafa-jueves-39.jpg 1920w\" sizes=\"(max-width: 768px) 100vw, 768px\" \/><\/a><\/figure>\n\n\n\n<figure class=\"wp-block-image size-large\"><a href=\"https:\/\/www.tunuyan.gov.ar\/site\/wp-content\/uploads\/2026\/08\/Garrafa-jueves-391.jpg\"><img loading=\"lazy\" decoding=\"async\" width=\"768\" height=\"1024\" data-id=\"36658\" src=\"https:\/\/www.tunuyan.gov.ar\/site\/wp-content\/uploads\/2026\/08\/Garrafa-jueves-391-768x1024-1.jpg\" alt=\"\" class=\"wp-image-36658\" srcset=\"https:\/\/www.tunuyan.gov.ar\/site\/wp-content\/uploads\/2026\/08\/Garrafa-jueves-391-768x1024-1.jpg 768w, https:\/\/www.tunuyan.gov.ar\/site\/wp-content\/uploads\/2026\/08\/Garrafa-jueves-391-225x300.jpg 225w, https:\/\/www.tunuyan.gov.ar\/site\/wp-content\/uploads\/2026\/08\/Garrafa-jueves-391-1152x1536.jpg 1152w, https:\/\/www.tunuyan.gov.ar\/site\/wp-content\/uploads\/2026\/08\/Garrafa-jueves-391-1536x2048.jpg 1536w, https:\/\/www.tunuyan.gov.ar\/site\/wp-content\/uploads\/2026\/08\/Garrafa-jueves-391.jpg 1920w\" sizes=\"(max-width: 768px) 100vw, 768px\" \/><\/a><\/figure>\n<\/figure>\n\n\n\n<p class=\"wp-block-paragraph\">La continuidad de estos operativos permite ampliar el alcance de la propuesta y llegar progresivamente a diferentes puntos del departamento. El cronograma se renueva y comunica semanalmente a trav\u00e9s de los canales oficiales de la Municipalidad de Tunuy\u00e1n, donde las familias pueden consultar las fechas, los horarios y los lugares de distribuci\u00f3n.<\/p>\n\n\n\n<p class=\"wp-block-paragraph\">Las personas interesadas deber\u00e1n acercarse en el horario indicado y llevar el envase vac\u00edo.<\/p>\n","protected":false},"excerpt":{"rendered":"<p>Desarrollo Social<\/p>\n","protected":false},"author":6,"featured_media":35717,"comment_status":"closed","ping_status":"","sticky":false,"template":"","format":"standard","meta":{"footnotes":""},"categories":[24],"tags":[],"class_list":["post-36651","post","type-post","status-publish","format-standard","has-post-thumbnail","hentry","category-noticias"],"_links":{"self":[{"href":"https:\/\/www.tunuyan.gov.ar\/site\/wp-json\/wp\/v2\/posts\/36651","targetHints":{"allow":["GET"]}}],"collection":[{"href":"https:\/\/www.tunuyan.gov.ar\/site\/wp-json\/wp\/v2\/posts"}],"about":[{"href":"https:\/\/www.tunuyan.gov.ar\/site\/wp-json\/wp\/v2\/types\/post"}],"author":[{"embeddable":true,"href":"https:\/\/www.tunuyan.gov.ar\/site\/wp-json\/wp\/v2\/users\/6"}],"replies":[{"embeddable":true,"href":"https:\/\/www.tunuyan.gov.ar\/site\/wp-json\/wp\/v2\/comments?post=36651"}],"version-history":[{"count":3,"href":"https:\/\/www.tunuyan.gov.ar\/site\/wp-json\/wp\/v2\/posts\/36651\/revisions"}],"predecessor-version":[{"id":36661,"href":"https:\/\/www.tunuyan.gov.ar\/site\/wp-json\/wp\/v2\/posts\/36651\/revisions\/36661"}],"wp:featuredmedia":[{"embeddable":true,"href":"https:\/\/www.tunuyan.gov.ar\/site\/wp-json\/wp\/v2\/media\/35717"}],"wp:attachment":[{"href":"https:\/\/www.tunuyan.gov.ar\/site\/wp-json\/wp\/v2\/media?parent=36651"}],"wp:term":[{"taxonomy":"category","embeddable":true,"href":"https:\/\/www.tunuyan.gov.ar\/site\/wp-json\/wp\/v2\/categories?post=36651"},{"taxonomy":"post_tag","embeddable":true,"href":"https:\/\/www.tunuyan.gov.ar\/site\/wp-json\/wp\/v2\/tags?post=36651"}],"curies":[{"name":"wp","href":"https:\/\/api.w.org\/{rel}","templated":true}]}}