{"id":36707,"date":"2026-09-01T10:52:26","date_gmt":"2026-09-01T13:52:26","guid":{"rendered":"https:\/\/www.tunuyan.gov.ar\/site\/?p=36707"},"modified":"2026-09-01T10:55:10","modified_gmt":"2026-09-01T13:55:10","slug":"semana-del-arbol-campana-de-forestacion-en-tunuyan","status":"publish","type":"post","link":"https:\/\/www.tunuyan.gov.ar\/site\/semana-del-arbol-campana-de-forestacion-en-tunuyan\/","title":{"rendered":"Semana del \u00c1rbol: campa\u00f1a de forestaci\u00f3n en Tunuy\u00e1n"},"content":{"rendered":"\n<p class=\"wp-block-paragraph\">Del <strong>lunes 31 de agosto al viernes 04 de septiembre<\/strong>, la Municipalidad de Tunuy\u00e1n, a trav\u00e9s de la Direcci\u00f3n de Producci\u00f3n y Agrobioindustria, lleva adelante la <strong>Semana del \u00c1rbol<\/strong>, con una campa\u00f1a de forestaci\u00f3n destinada a vecinos y vecinas del departamento. La actividad se desarrolla en el <strong>Vivero Municipal<\/strong>, ubicado en <strong>calle San Mart\u00edn s\/n de Colonia Las Rosas<\/strong>, en el horario de <strong>9:00 a 16:00 <\/strong>horas. Durante esos d\u00edas, cada familia puede acceder a <strong>dos forestales (fresnos)<\/strong>, cumpliendo con los requisitos de <strong>residir en Tunuy\u00e1n y presentar DNI<\/strong>. <\/p>\n\n\n\n<p class=\"wp-block-paragraph\">Adem\u00e1s, la campa\u00f1a se extender\u00e1 a la zona rural: el <strong>jueves 3 de septiembre<\/strong>, el equipo municipal estar\u00e1 presente en la Delegaci\u00f3n Municipal de  <strong>Los Sauces<\/strong>, tambi\u00e9n de <strong>9:00 a 16:00<\/strong> horas, para garantizar que la propuesta llegue a cada rinc\u00f3n del territorio.<\/p>\n\n\n\n<p class=\"wp-block-paragraph\">El arbolado constituye un patrimonio ambiental esencial: brinda sombra, mejora la calidad del aire, regula la temperatura, favorece la biodiversidad y contribuye al bienestar f\u00edsico y emocional de la poblaci\u00f3n. Incorporar nuevos ejemplares en espacios urbanos y rurales significa invertir en salud, en calidad de vida y en un futuro m\u00e1s sostenible para las pr\u00f3ximas generaciones. <\/p>\n\n\n\n<p class=\"wp-block-paragraph\"><strong>La Semana del \u00c1rbol es una oportunidad para sumar vida y futuro al paisaje de Tunuy\u00e1n, integrando gesti\u00f3n, participaci\u00f3n de las familias y conciencia ambiental.<\/strong><\/p>\n\n\n\n<figure class=\"wp-block-image aligncenter size-large\"><a href=\"https:\/\/www.tunuyan.gov.ar\/site\/wp-content\/uploads\/2026\/09\/image.png\"><img decoding=\"async\" src=\"https:\/\/www.tunuyan.gov.ar\/site\/wp-content\/uploads\/2026\/09\/image-769x1024.png\" alt=\"\" class=\"wp-image-36710\"\/><\/a><\/figure>\n","protected":false},"excerpt":{"rendered":"<p>Producci\u00f3n y Agrobioindustria<\/p>\n","protected":false},"author":6,"featured_media":36710,"comment_status":"closed","ping_status":"","sticky":false,"template":"","format":"standard","meta":{"footnotes":""},"categories":[24],"tags":[],"class_list":["post-36707","post","type-post","status-publish","format-standard","has-post-thumbnail","hentry","category-noticias"],"_links":{"self":[{"href":"https:\/\/www.tunuyan.gov.ar\/site\/wp-json\/wp\/v2\/posts\/36707","targetHints":{"allow":["GET"]}}],"collection":[{"href":"https:\/\/www.tunuyan.gov.ar\/site\/wp-json\/wp\/v2\/posts"}],"about":[{"href":"https:\/\/www.tunuyan.gov.ar\/site\/wp-json\/wp\/v2\/types\/post"}],"author":[{"embeddable":true,"href":"https:\/\/www.tunuyan.gov.ar\/site\/wp-json\/wp\/v2\/users\/6"}],"replies":[{"embeddable":true,"href":"https:\/\/www.tunuyan.gov.ar\/site\/wp-json\/wp\/v2\/comments?post=36707"}],"version-history":[{"count":5,"href":"https:\/\/www.tunuyan.gov.ar\/site\/wp-json\/wp\/v2\/posts\/36707\/revisions"}],"predecessor-version":[{"id":36718,"href":"https:\/\/www.tunuyan.gov.ar\/site\/wp-json\/wp\/v2\/posts\/36707\/revisions\/36718"}],"wp:featuredmedia":[{"embeddable":true,"href":"https:\/\/www.tunuyan.gov.ar\/site\/wp-json\/wp\/v2\/media\/36710"}],"wp:attachment":[{"href":"https:\/\/www.tunuyan.gov.ar\/site\/wp-json\/wp\/v2\/media?parent=36707"}],"wp:term":[{"taxonomy":"category","embeddable":true,"href":"https:\/\/www.tunuyan.gov.ar\/site\/wp-json\/wp\/v2\/categories?post=36707"},{"taxonomy":"post_tag","embeddable":true,"href":"https:\/\/www.tunuyan.gov.ar\/site\/wp-json\/wp\/v2\/tags?post=36707"}],"curies":[{"name":"wp","href":"https:\/\/api.w.org\/{rel}","templated":true}]}}