{"id":36731,"date":"2026-09-01T18:13:05","date_gmt":"2026-09-01T21:13:05","guid":{"rendered":"https:\/\/www.tunuyan.gov.ar\/site\/?p=36731"},"modified":"2026-09-01T18:13:05","modified_gmt":"2026-09-01T21:13:05","slug":"del-territorio-al-aula-una-capacitacion-docente-para-transformar-las-problematicas-ambientales-en-oportunidades-de-aprendizaje","status":"publish","type":"post","link":"https:\/\/www.tunuyan.gov.ar\/site\/del-territorio-al-aula-una-capacitacion-docente-para-transformar-las-problematicas-ambientales-en-oportunidades-de-aprendizaje\/","title":{"rendered":"Del territorio al aula: una capacitaci\u00f3n docente para transformar las problem\u00e1ticas ambientales en oportunidades de aprendizaje"},"content":{"rendered":"\n<p class=\"wp-block-paragraph\">La <strong>Municipalidad de Tunuy\u00e1n, junto a COINCE y el IES T-004 Normal Superior \u201cGeneral Toribio de Luzuriaga\u201d<\/strong>, abri\u00f3 las inscripciones para \u201cDel territorio al aula: Experiencias locales para una Educaci\u00f3n Ambiental Integral\u201d, una capacitaci\u00f3n destinada a <strong>docentes de todos los niveles y \u00e1reas de Tunuy\u00e1n<\/strong>. La propuesta comienza en septiembre, <strong>tiene puntaje docente<\/strong> y se desarrollar\u00e1 durante un mes, con una carga horaria total de 36 horas reloj.<\/p>\n\n\n\n<p class=\"wp-block-paragraph\">La capacitaci\u00f3n <strong>contempla cuatro encuentros<\/strong>: tres presenciales y uno virtual, y busca brindar herramientas para abordar desde las aulas las problem\u00e1ticas ambientales que forman parte de la realidad local. La iniciativa surge del trabajo conjunto entre las instituciones y propone conocer el territorio, analizar sus desaf\u00edos y construir estrategias que permitan acompa\u00f1ar los procesos de concientizaci\u00f3n y b\u00fasqueda de soluciones desde la educaci\u00f3n.<\/p>\n\n\n\n<p class=\"wp-block-paragraph\">La propuesta se enmarca en la<strong> Ley Provincial N.\u00ba 9659 de Gesti\u00f3n Integral de Residuos S\u00f3lidos Urbanos (GIRSU)<\/strong>, que establece a la educaci\u00f3n ambiental como uno de los ejes centrales para avanzar en una gesti\u00f3n adecuada de los residuos. En este sentido, la capacitaci\u00f3n apunta a fortalecer el rol de los docentes como actores fundamentales para generar conocimientos y pr\u00e1cticas vinculadas al cuidado del ambiente.<\/p>\n\n\n\n<p class=\"wp-block-paragraph\">La iniciativa tambi\u00e9n surge a partir de una investigaci\u00f3n que permiti\u00f3 detectar la necesidad de contar con mayores herramientas y recursos para que los docentes puedan acompa\u00f1ar los procesos de concientizaci\u00f3n ambiental desde las aulas. Por eso, los contenidos partir\u00e1n de experiencias y situaciones concretas del territorio para luego llevarlas al \u00e1mbito educativo y trabajar posibles respuestas a trav\u00e9s de la educaci\u00f3n ambiental.<\/p>\n\n\n\n<p class=\"wp-block-paragraph\">La <strong>directora de Ambiente, Luc\u00eda Fiori<\/strong>, destac\u00f3 la importancia de generar instancias de formaci\u00f3n que permitan vincular las pol\u00edticas ambientales con el trabajo cotidiano en las escuelas. En la misma l\u00ednea, la propuesta se desarrolla en concordancia con las pol\u00edticas de gesti\u00f3n del<strong> intendente Emir Andraos<\/strong>, que ubican el cuidado del ambiente entre los ejes fundamentales de la gesti\u00f3n municipal.<\/p>\n\n\n\n<p class=\"wp-block-paragraph\">Las inscripciones ya se encuentran abiertas y est\u00e1n dirigidas a docentes de todos los niveles y \u00e1reas. Quienes deseen participar pueden completar el formulario de inscripci\u00f3n: <a href=\"https:\/\/docs.google.com\/forms\/d\/e\/1FAIpQLSfAVY6pe8XHsGgDDWFJnzAoveQoiPO__Kq0-sb9G2rtlXFpeA\/viewform\">https:\/\/docs.google.com\/forms\/d\/e\/1FAIpQLSfAVY6pe8XHsGgDDWFJnzAoveQoiPO__Kq0-sb9G2rtlXFpeA\/viewform<\/a><\/p>\n\n\n\n<p class=\"wp-block-paragraph\">Porque conocer el territorio tambi\u00e9n es una forma de aprender a cuidarlo.<\/p>\n\n\n\n<figure class=\"wp-block-image size-large\"><a href=\"https:\/\/www.tunuyan.gov.ar\/site\/wp-content\/uploads\/2026\/09\/WhatsApp-Image-2026-09-01-at-08.15.12-Direccion-Ambiente.jpeg\"><img fetchpriority=\"high\" decoding=\"async\" width=\"768\" height=\"1024\" src=\"https:\/\/www.tunuyan.gov.ar\/site\/wp-content\/uploads\/2026\/09\/WhatsApp-Image-2026-09-01-at-08.15.12-Direccion-Ambiente-768x1024-1.jpeg\" alt=\"\" class=\"wp-image-36735\"\/><\/a><\/figure>\n","protected":false},"excerpt":{"rendered":"<p>Destinado a docentes de todos los niveles y \u00e1reas de Tunuy\u00e1n<\/p>\n","protected":false},"author":6,"featured_media":36735,"comment_status":"closed","ping_status":"","sticky":false,"template":"","format":"standard","meta":{"footnotes":""},"categories":[24],"tags":[],"class_list":["post-36731","post","type-post","status-publish","format-standard","has-post-thumbnail","hentry","category-noticias"],"_links":{"self":[{"href":"https:\/\/www.tunuyan.gov.ar\/site\/wp-json\/wp\/v2\/posts\/36731","targetHints":{"allow":["GET"]}}],"collection":[{"href":"https:\/\/www.tunuyan.gov.ar\/site\/wp-json\/wp\/v2\/posts"}],"about":[{"href":"https:\/\/www.tunuyan.gov.ar\/site\/wp-json\/wp\/v2\/types\/post"}],"author":[{"embeddable":true,"href":"https:\/\/www.tunuyan.gov.ar\/site\/wp-json\/wp\/v2\/users\/6"}],"replies":[{"embeddable":true,"href":"https:\/\/www.tunuyan.gov.ar\/site\/wp-json\/wp\/v2\/comments?post=36731"}],"version-history":[{"count":1,"href":"https:\/\/www.tunuyan.gov.ar\/site\/wp-json\/wp\/v2\/posts\/36731\/revisions"}],"predecessor-version":[{"id":36736,"href":"https:\/\/www.tunuyan.gov.ar\/site\/wp-json\/wp\/v2\/posts\/36731\/revisions\/36736"}],"wp:featuredmedia":[{"embeddable":true,"href":"https:\/\/www.tunuyan.gov.ar\/site\/wp-json\/wp\/v2\/media\/36735"}],"wp:attachment":[{"href":"https:\/\/www.tunuyan.gov.ar\/site\/wp-json\/wp\/v2\/media?parent=36731"}],"wp:term":[{"taxonomy":"category","embeddable":true,"href":"https:\/\/www.tunuyan.gov.ar\/site\/wp-json\/wp\/v2\/categories?post=36731"},{"taxonomy":"post_tag","embeddable":true,"href":"https:\/\/www.tunuyan.gov.ar\/site\/wp-json\/wp\/v2\/tags?post=36731"}],"curies":[{"name":"wp","href":"https:\/\/api.w.org\/{rel}","templated":true}]}}