{"id":36737,"date":"2026-09-03T17:29:53","date_gmt":"2026-09-03T20:29:53","guid":{"rendered":"https:\/\/www.tunuyan.gov.ar\/site\/?p=36737"},"modified":"2026-09-03T17:29:53","modified_gmt":"2026-09-03T20:29:53","slug":"concejo-de-genero-un-nuevo-encuentro-interinstitucional-que-fortalece-acciones-y-lineamientos","status":"publish","type":"post","link":"https:\/\/www.tunuyan.gov.ar\/site\/concejo-de-genero-un-nuevo-encuentro-interinstitucional-que-fortalece-acciones-y-lineamientos\/","title":{"rendered":"Concejo de g\u00e9nero: Un nuevo encuentro interinstitucional que fortalece acciones y lineamientos"},"content":{"rendered":"\n<p class=\"wp-block-paragraph\">Tunuy\u00e1n realiz\u00f3 el tercer encuentro del Concejo de G\u00e9nero, un espacio de articulaci\u00f3n y di\u00e1logo impulsado por la Municipalidad , a trav\u00e9s de la<strong> Direcci\u00f3n de Derechos Humanos.<\/strong> La jornada reuni\u00f3 a una amplia representaci\u00f3n de instituciones y organismos vinculados al abordaje de las problem\u00e1ticas de g\u00e9nero, que compartieron experiencias, herramientas y propuestas para fortalecer el trabajo conjunto.<\/p>\n\n\n\n<p class=\"wp-block-paragraph\">El encuentro cont\u00f3 con la presencia de representantes del <strong>Sindicato Unificado de Trabajadores de la Educaci\u00f3n (SUTE), Juzgado Penal Colegiado, ETI, Ej\u00e9rcito Argentino, Asistencia a la V\u00edctima, Polic\u00eda Valle de Uco y referentes de Iglesias Cristianas<\/strong>. La participaci\u00f3n de estos actores permiti\u00f3 poner en com\u00fan diferentes perspectivas y avanzar en una mirada integral sobre las situaciones de violencia de g\u00e9nero.<\/p>\n\n\n\n<figure class=\"wp-block-gallery has-nested-images columns-default is-cropped wp-block-gallery-1 is-layout-flex wp-block-gallery-is-layout-flex\">\n<figure class=\"wp-block-image size-large\"><a href=\"https:\/\/www.tunuyan.gov.ar\/site\/wp-content\/uploads\/2026\/09\/WhatsApp-Image-2026-09-03-at-17.25.42-2.jpeg\"><img decoding=\"async\" data-id=\"36760\" src=\"https:\/\/www.tunuyan.gov.ar\/site\/wp-content\/uploads\/2026\/09\/WhatsApp-Image-2026-09-03-at-17.25.42-2-1024x655.jpeg\" alt=\"\" class=\"wp-image-36760\"\/><\/a><\/figure>\n<\/figure>\n\n\n\n<p class=\"wp-block-paragraph\">Durante la jornada, representantes de <strong>Asistencia a la V\u00edctima, de la Polic\u00eda del Valle de Uco y del Ej\u00e9rcito Argentino<\/strong> estuvieron a cargo de las exposiciones principales. All\u00ed se presentaron herramientas, protocolos y modalidades de intervenci\u00f3n, con el objetivo de favorecer una respuesta coordinada entre los organismos que intervienen ante estas situaciones.<\/p>\n\n\n\n<p class=\"wp-block-paragraph\">La <strong>directora de Derechos Humanos, Gabriela Graneros<\/strong>, destac\u00f3 la importancia de sostener estos espacios de encuentro y articulaci\u00f3n para fortalecer las respuestas institucionales. En este sentido, la gesti\u00f3n del <strong>intendente Emir Andraos<\/strong> promueve el trabajo coordinado entre las distintas \u00e1reas y organismos que forman parte de la comunidad, generando instancias de di\u00e1logo que permitan abordar las problem\u00e1ticas desde diferentes \u00e1mbitos.<\/p>\n\n\n\n<figure class=\"wp-block-gallery has-nested-images columns-default is-cropped wp-block-gallery-2 is-layout-flex wp-block-gallery-is-layout-flex\">\n<figure class=\"wp-block-image size-large\"><a href=\"https:\/\/www.tunuyan.gov.ar\/site\/wp-content\/uploads\/2026\/09\/WhatsApp-Image-2026-09-03-at-17.25.42-1.jpeg\"><img fetchpriority=\"high\" decoding=\"async\" width=\"1024\" height=\"682\" data-id=\"36762\" src=\"https:\/\/www.tunuyan.gov.ar\/site\/wp-content\/uploads\/2026\/09\/WhatsApp-Image-2026-09-03-at-17.25.42-1-1024x682.jpeg\" alt=\"\" class=\"wp-image-36762\" srcset=\"https:\/\/www.tunuyan.gov.ar\/site\/wp-content\/uploads\/2026\/09\/WhatsApp-Image-2026-09-03-at-17.25.42-1-1024x682.jpeg 1024w, https:\/\/www.tunuyan.gov.ar\/site\/wp-content\/uploads\/2026\/09\/WhatsApp-Image-2026-09-03-at-17.25.42-1-300x200.jpeg 300w, https:\/\/www.tunuyan.gov.ar\/site\/wp-content\/uploads\/2026\/09\/WhatsApp-Image-2026-09-03-at-17.25.42-1-767x511.jpeg 767w, https:\/\/www.tunuyan.gov.ar\/site\/wp-content\/uploads\/2026\/09\/WhatsApp-Image-2026-09-03-at-17.25.42-1-1536x1023.jpeg 1536w, https:\/\/www.tunuyan.gov.ar\/site\/wp-content\/uploads\/2026\/09\/WhatsApp-Image-2026-09-03-at-17.25.42-1.jpeg 1600w\" sizes=\"(max-width: 1024px) 100vw, 1024px\" \/><\/a><\/figure>\n\n\n\n<figure class=\"wp-block-image size-large\"><a href=\"https:\/\/www.tunuyan.gov.ar\/site\/wp-content\/uploads\/2026\/09\/WhatsApp-Image-2026-09-03-at-17.25.42.jpeg\"><img decoding=\"async\" width=\"1024\" height=\"682\" data-id=\"36761\" src=\"https:\/\/www.tunuyan.gov.ar\/site\/wp-content\/uploads\/2026\/09\/WhatsApp-Image-2026-09-03-at-17.25.42-1024x682.jpeg\" alt=\"\" class=\"wp-image-36761\" srcset=\"https:\/\/www.tunuyan.gov.ar\/site\/wp-content\/uploads\/2026\/09\/WhatsApp-Image-2026-09-03-at-17.25.42-1024x682.jpeg 1024w, https:\/\/www.tunuyan.gov.ar\/site\/wp-content\/uploads\/2026\/09\/WhatsApp-Image-2026-09-03-at-17.25.42-300x200.jpeg 300w, https:\/\/www.tunuyan.gov.ar\/site\/wp-content\/uploads\/2026\/09\/WhatsApp-Image-2026-09-03-at-17.25.42-767x511.jpeg 767w, https:\/\/www.tunuyan.gov.ar\/site\/wp-content\/uploads\/2026\/09\/WhatsApp-Image-2026-09-03-at-17.25.42-1536x1023.jpeg 1536w, https:\/\/www.tunuyan.gov.ar\/site\/wp-content\/uploads\/2026\/09\/WhatsApp-Image-2026-09-03-at-17.25.42.jpeg 1600w\" sizes=\"(max-width: 1024px) 100vw, 1024px\" \/><\/a><\/figure>\n\n\n\n<figure class=\"wp-block-image size-large\"><a href=\"https:\/\/www.tunuyan.gov.ar\/site\/wp-content\/uploads\/2026\/09\/WhatsApp-Image-2026-09-03-at-17.25.41.jpeg\"><img decoding=\"async\" width=\"1024\" height=\"682\" data-id=\"36763\" src=\"https:\/\/www.tunuyan.gov.ar\/site\/wp-content\/uploads\/2026\/09\/WhatsApp-Image-2026-09-03-at-17.25.41-1024x682.jpeg\" alt=\"\" class=\"wp-image-36763\" srcset=\"https:\/\/www.tunuyan.gov.ar\/site\/wp-content\/uploads\/2026\/09\/WhatsApp-Image-2026-09-03-at-17.25.41-1024x682.jpeg 1024w, https:\/\/www.tunuyan.gov.ar\/site\/wp-content\/uploads\/2026\/09\/WhatsApp-Image-2026-09-03-at-17.25.41-300x200.jpeg 300w, https:\/\/www.tunuyan.gov.ar\/site\/wp-content\/uploads\/2026\/09\/WhatsApp-Image-2026-09-03-at-17.25.41-767x511.jpeg 767w, https:\/\/www.tunuyan.gov.ar\/site\/wp-content\/uploads\/2026\/09\/WhatsApp-Image-2026-09-03-at-17.25.41-1536x1023.jpeg 1536w, https:\/\/www.tunuyan.gov.ar\/site\/wp-content\/uploads\/2026\/09\/WhatsApp-Image-2026-09-03-at-17.25.41.jpeg 1600w\" sizes=\"(max-width: 1024px) 100vw, 1024px\" \/><\/a><\/figure>\n<\/figure>\n\n\n\n<p class=\"wp-block-paragraph\">El Concejo de G\u00e9nero busca consolidar una<strong> red de trabajo entre instituciones<\/strong> vinculadas a la justicia, las fuerzas de seguridad, la educaci\u00f3n, la asistencia y las organizaciones de la comunidad. La continuidad de estos encuentros permite establecer l\u00edneas de acci\u00f3n compartidas y fortalecer las estrategias de prevenci\u00f3n, abordaje y erradicaci\u00f3n de las violencias de g\u00e9nero.<\/p>\n\n\n\n<p class=\"wp-block-paragraph\">Como parte de la agenda de trabajo, qued\u00f3 convocado el <strong>cuarto encuentro del Concejo de G\u00e9nero, que se realizar\u00e1 el pr\u00f3ximo 5 de noviembre<\/strong>. La nueva jornada permitir\u00e1 dar continuidad a los temas abordados y profundizar las l\u00edneas de acci\u00f3n definidas durante este per\u00edodo.<\/p>\n\n\n\n<figure class=\"wp-block-gallery has-nested-images columns-default is-cropped wp-block-gallery-3 is-layout-flex wp-block-gallery-is-layout-flex\">\n<figure class=\"wp-block-image size-large\"><a href=\"https:\/\/www.tunuyan.gov.ar\/site\/wp-content\/uploads\/2026\/09\/WhatsApp-Image-2026-09-03-at-17.25.41-1.jpeg\"><img loading=\"lazy\" decoding=\"async\" width=\"1024\" height=\"682\" data-id=\"36764\" src=\"https:\/\/www.tunuyan.gov.ar\/site\/wp-content\/uploads\/2026\/09\/WhatsApp-Image-2026-09-03-at-17.25.41-1-1024x682.jpeg\" alt=\"\" class=\"wp-image-36764\" srcset=\"https:\/\/www.tunuyan.gov.ar\/site\/wp-content\/uploads\/2026\/09\/WhatsApp-Image-2026-09-03-at-17.25.41-1-1024x682.jpeg 1024w, https:\/\/www.tunuyan.gov.ar\/site\/wp-content\/uploads\/2026\/09\/WhatsApp-Image-2026-09-03-at-17.25.41-1-300x200.jpeg 300w, https:\/\/www.tunuyan.gov.ar\/site\/wp-content\/uploads\/2026\/09\/WhatsApp-Image-2026-09-03-at-17.25.41-1-767x511.jpeg 767w, https:\/\/www.tunuyan.gov.ar\/site\/wp-content\/uploads\/2026\/09\/WhatsApp-Image-2026-09-03-at-17.25.41-1-1536x1023.jpeg 1536w, https:\/\/www.tunuyan.gov.ar\/site\/wp-content\/uploads\/2026\/09\/WhatsApp-Image-2026-09-03-at-17.25.41-1.jpeg 1600w\" sizes=\"(max-width: 1024px) 100vw, 1024px\" \/><\/a><\/figure>\n<\/figure>\n","protected":false},"excerpt":{"rendered":"<p>Direcci\u00f3n de Derechos Humanos<\/p>\n","protected":false},"author":6,"featured_media":36760,"comment_status":"closed","ping_status":"","sticky":false,"template":"","format":"standard","meta":{"footnotes":""},"categories":[24],"tags":[],"class_list":["post-36737","post","type-post","status-publish","format-standard","has-post-thumbnail","hentry","category-noticias"],"_links":{"self":[{"href":"https:\/\/www.tunuyan.gov.ar\/site\/wp-json\/wp\/v2\/posts\/36737","targetHints":{"allow":["GET"]}}],"collection":[{"href":"https:\/\/www.tunuyan.gov.ar\/site\/wp-json\/wp\/v2\/posts"}],"about":[{"href":"https:\/\/www.tunuyan.gov.ar\/site\/wp-json\/wp\/v2\/types\/post"}],"author":[{"embeddable":true,"href":"https:\/\/www.tunuyan.gov.ar\/site\/wp-json\/wp\/v2\/users\/6"}],"replies":[{"embeddable":true,"href":"https:\/\/www.tunuyan.gov.ar\/site\/wp-json\/wp\/v2\/comments?post=36737"}],"version-history":[{"count":2,"href":"https:\/\/www.tunuyan.gov.ar\/site\/wp-json\/wp\/v2\/posts\/36737\/revisions"}],"predecessor-version":[{"id":36765,"href":"https:\/\/www.tunuyan.gov.ar\/site\/wp-json\/wp\/v2\/posts\/36737\/revisions\/36765"}],"wp:featuredmedia":[{"embeddable":true,"href":"https:\/\/www.tunuyan.gov.ar\/site\/wp-json\/wp\/v2\/media\/36760"}],"wp:attachment":[{"href":"https:\/\/www.tunuyan.gov.ar\/site\/wp-json\/wp\/v2\/media?parent=36737"}],"wp:term":[{"taxonomy":"category","embeddable":true,"href":"https:\/\/www.tunuyan.gov.ar\/site\/wp-json\/wp\/v2\/categories?post=36737"},{"taxonomy":"post_tag","embeddable":true,"href":"https:\/\/www.tunuyan.gov.ar\/site\/wp-json\/wp\/v2\/tags?post=36737"}],"curies":[{"name":"wp","href":"https:\/\/api.w.org\/{rel}","templated":true}]}}