{"id":36769,"date":"2026-09-04T11:37:29","date_gmt":"2026-09-04T14:37:29","guid":{"rendered":"https:\/\/www.tunuyan.gov.ar\/site\/?p=36769"},"modified":"2026-09-04T11:44:17","modified_gmt":"2026-09-04T14:44:17","slug":"5-de-septiembre-dia-internacional-de-la-mujer-indigena","status":"publish","type":"post","link":"https:\/\/www.tunuyan.gov.ar\/site\/5-de-septiembre-dia-internacional-de-la-mujer-indigena\/","title":{"rendered":"5 de septiembre: D\u00eda Internacional de la Mujer Ind\u00edgena"},"content":{"rendered":"\n<p class=\"wp-block-paragraph\">La Direcci\u00f3n de Cultura de la Municipalidad, en conjunto con la Asociaci\u00f3n \u201cKunam Warmis\u201d, Mujeres Andinas, invita a participar del homenaje por el D\u00eda Internacional de la Mujer Ind\u00edgena, una jornada dedicada a celebrar y agasajar a las mujeres con ra\u00edces nativas. El encuentro se realizar\u00e1 el s\u00e1bado 5 de septiembre, a las 15:00 horas, en la Casa de la Cultura, con entrada libre y gratuita.<\/p>\n\n\n\n<p class=\"wp-block-paragraph\"><strong>Durante la jornada vamos a homenajear a las mujeres destacadas por defender las ra\u00edces ancestrales que habitan en nuestro departamento.<\/strong><\/p>\n\n\n\n<p class=\"wp-block-paragraph\">La propuesta contar\u00e1 con m\u00fasica en vivo, danzas y presentaciones de ballets y caporales, en una tarde que reunir\u00e1 a artistas locales y regionales para compartir la riqueza de nuestras tradiciones. Participar\u00e1n el Ballet Sol de Tupungato, Comparsa Renacer, Caporales Tunuy\u00e1n, Ballet Allpaq Sumaq Danzas Peruanas y el Ensamble de M\u00fasica Andina.<\/p>\n\n\n\n<p class=\"wp-block-paragraph\">El evento se realiza en honor a Bartolina Sisa, luchadora ind\u00edgena de Bolivia del siglo XVIII que combati\u00f3 contra el imperio espa\u00f1ol. Mujer de etnia aymara, comerciante y guerrillera, lider\u00f3 junto a T\u00fapac Katari \u2014su compa\u00f1ero y l\u00edder insurgente, reconocido como Inca Rey de los Aymara y Virrey del Inca\u2014 las luchas del levantamiento contra el colonialismo. Su valent\u00eda y resistencia simbolizan la fuerza de las agrupaciones ind\u00edgenas que enfrentaron la opresi\u00f3n y defendieron la libertad de sus pueblos.<\/p>\n\n\n\n<p class=\"wp-block-paragraph\">Esta celebraci\u00f3n busca visibilizar el rol de las mujeres ind\u00edgenas en la construcci\u00f3n de identidad, promover el respeto por la diversidad y fortalecer los lazos culturales que nos unen como comunidad.&nbsp; Una jornada para reconocer, agradecer y celebrar la herencia viva de nuestras ra\u00edces.<\/p>\n\n\n\n<figure class=\"wp-block-image aligncenter size-large\"><a href=\"https:\/\/www.tunuyan.gov.ar\/site\/wp-content\/uploads\/2026\/09\/image-3.png\"><img fetchpriority=\"high\" decoding=\"async\" width=\"768\" height=\"1024\" src=\"https:\/\/www.tunuyan.gov.ar\/site\/wp-content\/uploads\/2026\/09\/image-3-768x1024-1.png\" alt=\"\" class=\"wp-image-36770\" srcset=\"https:\/\/www.tunuyan.gov.ar\/site\/wp-content\/uploads\/2026\/09\/image-3-768x1024-1.png 768w, https:\/\/www.tunuyan.gov.ar\/site\/wp-content\/uploads\/2026\/09\/image-3-225x300.png 225w, https:\/\/www.tunuyan.gov.ar\/site\/wp-content\/uploads\/2026\/09\/image-3-1152x1536.png 1152w, https:\/\/www.tunuyan.gov.ar\/site\/wp-content\/uploads\/2026\/09\/image-3-1536x2048.png 1536w, https:\/\/www.tunuyan.gov.ar\/site\/wp-content\/uploads\/2026\/09\/image-3.png 1920w\" sizes=\"(max-width: 768px) 100vw, 768px\" \/><\/a><\/figure>\n","protected":false},"excerpt":{"rendered":"<p>Cultura<\/p>\n","protected":false},"author":6,"featured_media":36773,"comment_status":"closed","ping_status":"","sticky":false,"template":"","format":"standard","meta":{"footnotes":""},"categories":[24],"tags":[],"class_list":["post-36769","post","type-post","status-publish","format-standard","has-post-thumbnail","hentry","category-noticias"],"_links":{"self":[{"href":"https:\/\/www.tunuyan.gov.ar\/site\/wp-json\/wp\/v2\/posts\/36769","targetHints":{"allow":["GET"]}}],"collection":[{"href":"https:\/\/www.tunuyan.gov.ar\/site\/wp-json\/wp\/v2\/posts"}],"about":[{"href":"https:\/\/www.tunuyan.gov.ar\/site\/wp-json\/wp\/v2\/types\/post"}],"author":[{"embeddable":true,"href":"https:\/\/www.tunuyan.gov.ar\/site\/wp-json\/wp\/v2\/users\/6"}],"replies":[{"embeddable":true,"href":"https:\/\/www.tunuyan.gov.ar\/site\/wp-json\/wp\/v2\/comments?post=36769"}],"version-history":[{"count":3,"href":"https:\/\/www.tunuyan.gov.ar\/site\/wp-json\/wp\/v2\/posts\/36769\/revisions"}],"predecessor-version":[{"id":36776,"href":"https:\/\/www.tunuyan.gov.ar\/site\/wp-json\/wp\/v2\/posts\/36769\/revisions\/36776"}],"wp:featuredmedia":[{"embeddable":true,"href":"https:\/\/www.tunuyan.gov.ar\/site\/wp-json\/wp\/v2\/media\/36773"}],"wp:attachment":[{"href":"https:\/\/www.tunuyan.gov.ar\/site\/wp-json\/wp\/v2\/media?parent=36769"}],"wp:term":[{"taxonomy":"category","embeddable":true,"href":"https:\/\/www.tunuyan.gov.ar\/site\/wp-json\/wp\/v2\/categories?post=36769"},{"taxonomy":"post_tag","embeddable":true,"href":"https:\/\/www.tunuyan.gov.ar\/site\/wp-json\/wp\/v2\/tags?post=36769"}],"curies":[{"name":"wp","href":"https:\/\/api.w.org\/{rel}","templated":true}]}}