{"id":36774,"date":"2026-09-04T12:45:30","date_gmt":"2026-09-04T15:45:30","guid":{"rendered":"https:\/\/www.tunuyan.gov.ar\/site\/?p=36774"},"modified":"2026-09-04T12:45:30","modified_gmt":"2026-09-04T15:45:30","slug":"tunuyan-presento-su-propuesta-de-turismo-deportivo-en-el-primer-congreso-nacional-del-sector","status":"publish","type":"post","link":"https:\/\/www.tunuyan.gov.ar\/site\/tunuyan-presento-su-propuesta-de-turismo-deportivo-en-el-primer-congreso-nacional-del-sector\/","title":{"rendered":"Tunuy\u00e1n present\u00f3 su propuesta de turismo deportivo en el primer Congreso Nacional del sector"},"content":{"rendered":"\n<p class=\"wp-block-paragraph\">La <strong>Municipalidad de Tunuy\u00e1n<\/strong> particip\u00f3 de la primera edici\u00f3n del <strong>Congreso Nacional de Turismo Deportivo \u201cLuj\u00e1n de Cuyo 2026\u201d<\/strong>, desarrollado este jueves 3 y viernes 4 de septiembre en las instalaciones del INTA. El encuentro, organizado junto a la Red Iberoamericana de Turismo Deportivo, reuni\u00f3 a referentes del sector p\u00fablico y privado, deportistas, organizadores de eventos, empresas, agencias y especialistas de distintos puntos del pa\u00eds y Latinoam\u00e9rica.<\/p>\n\n\n\n<p class=\"wp-block-paragraph\">En representaci\u00f3n de la Municipalidad, participaron la <strong>secretaria de Desarrollo Humano, Mar\u00eda de los \u00c1ngeles Aveiro; la directora de Deportes, Agustina Caetano; y la directora de Turismo, Elizabeth Marincak<\/strong>. Durante las jornadas, Tunuy\u00e1n expuso frente a los presentes su propuesta como destino bajo el lema <strong>\u201cTunuy\u00e1n en movimiento\u201d<\/strong>, poniendo en valor las experiencias y eventos que contribuyen a fortalecer su posicionamiento tur\u00edstico y deportivo.<\/p>\n\n\n\n<p class=\"wp-block-paragraph\">El eje central de la presentaci\u00f3n fue mostrar la <strong>articulaci\u00f3n entre el destino tur\u00edstico y los eventos deportivos como una herramienta para generar movimiento econ\u00f3mico, atraer visitantes y ampliar la oferta del departamento<\/strong>. En este sentido, se comparti\u00f3 el camino recorrido por Tunuy\u00e1n para consolidarse como destino deportivo a trav\u00e9s de torneos, competencias y propuestas que vinculan deporte, naturaleza, cultura y turismo.<\/p>\n\n\n\n<p class=\"wp-block-paragraph\">\u201cParticipar de este Congreso nos permite mostrar todo lo que Tunuy\u00e1n tiene para ofrecer y, especialmente, c\u00f3mo venimos trabajando para que los eventos deportivos sean tambi\u00e9n una puerta de entrada para quienes quieren conocer nuestro departamento. Tenemos un destino con paisajes, infraestructura, experiencias y una agenda que sigue creciendo, y eso requiere una articulaci\u00f3n permanente entre el sector p\u00fablico y privado\u201d, destac\u00f3 la <strong>directora de Turismo, Elizabeth Marincak.<\/strong><\/p>\n\n\n\n<p class=\"wp-block-paragraph\">La propuesta presentada tambi\u00e9n puso en valor la visi\u00f3n de<strong> Tunuy\u00e1n MICE<\/strong>, como un lugar elegido para desarrollar congresos, reuniones, festivales, obras teatrales, espect\u00e1culos musicales y eventos deportivos, acompa\u00f1ada por una gobernanza basada en la vinculaci\u00f3n permanente con el sector privado y la construcci\u00f3n de una agenda organizada. En este marco, se compartieron experiencias como el <strong>Cruce de los Andes y la Semana Estudiantil<\/strong>, adem\u00e1s de anunciarse el <strong>1\u00b0 Mundial de Paramotor, que reunir\u00e1 a m\u00e1s de 60 pilotos del 13 al 15 de noviembre <\/strong>y tendr\u00e1 su cierre en Tunuy\u00e1n.<\/p>\n\n\n\n<p class=\"wp-block-paragraph\">El <strong>intendente Emir Andraos<\/strong> acompa\u00f1a esta estrategia de posicionamiento del departamento como destino tur\u00edstico y deportivo, que tendr\u00e1 nuevas propuestas durante los pr\u00f3ximos meses. Entre ellas se encuentra la<strong> Marat\u00f3n Aniversario \u201cUniendo el departamento\u201d, prevista para el 22 de noviembre<\/strong>, con circuitos de 21K, 10K y 5K que unir\u00e1n Vista Flores, Colonia Las Rosas y Tunuy\u00e1n, junto con el esperado Mundial de Paramotor.<\/p>\n\n\n\n<figure class=\"wp-block-gallery has-nested-images columns-default is-cropped wp-block-gallery-1 is-layout-flex wp-block-gallery-is-layout-flex\">\n<figure class=\"wp-block-image size-large\"><a href=\"https:\/\/www.tunuyan.gov.ar\/site\/wp-content\/uploads\/2026\/09\/WhatsApp-Image-2026-09-04-at-11.39.30-3-1.jpeg\"><img fetchpriority=\"high\" decoding=\"async\" width=\"960\" height=\"1084\" data-id=\"36784\" src=\"https:\/\/www.tunuyan.gov.ar\/site\/wp-content\/uploads\/2026\/09\/WhatsApp-Image-2026-09-04-at-11.39.30-3-1-edited.jpeg\" alt=\"\" class=\"wp-image-36784\" srcset=\"https:\/\/www.tunuyan.gov.ar\/site\/wp-content\/uploads\/2026\/09\/WhatsApp-Image-2026-09-04-at-11.39.30-3-1-edited.jpeg 960w, https:\/\/www.tunuyan.gov.ar\/site\/wp-content\/uploads\/2026\/09\/WhatsApp-Image-2026-09-04-at-11.39.30-3-1-edited-266x300.jpeg 266w, https:\/\/www.tunuyan.gov.ar\/site\/wp-content\/uploads\/2026\/09\/WhatsApp-Image-2026-09-04-at-11.39.30-3-1-edited-907x1024.jpeg 907w, https:\/\/www.tunuyan.gov.ar\/site\/wp-content\/uploads\/2026\/09\/WhatsApp-Image-2026-09-04-at-11.39.30-3-1-edited-768x867.jpeg 768w\" sizes=\"(max-width: 960px) 100vw, 960px\" \/><\/a><\/figure>\n\n\n\n<figure class=\"wp-block-image size-large\"><a href=\"https:\/\/www.tunuyan.gov.ar\/site\/wp-content\/uploads\/2026\/09\/WhatsApp-Image-2026-09-04-at-11.39.30.jpeg\"><img decoding=\"async\" width=\"589\" height=\"699\" data-id=\"36781\" src=\"https:\/\/www.tunuyan.gov.ar\/site\/wp-content\/uploads\/2026\/09\/WhatsApp-Image-2026-09-04-at-11.39.30-edited-1.jpeg\" alt=\"\" class=\"wp-image-36781\" srcset=\"https:\/\/www.tunuyan.gov.ar\/site\/wp-content\/uploads\/2026\/09\/WhatsApp-Image-2026-09-04-at-11.39.30-edited-1.jpeg 589w, https:\/\/www.tunuyan.gov.ar\/site\/wp-content\/uploads\/2026\/09\/WhatsApp-Image-2026-09-04-at-11.39.30-edited-1-253x300.jpeg 253w\" sizes=\"(max-width: 589px) 100vw, 589px\" \/><\/a><\/figure>\n\n\n\n<figure class=\"wp-block-image size-large\"><a href=\"https:\/\/www.tunuyan.gov.ar\/site\/wp-content\/uploads\/2026\/09\/WhatsApp-Image-2026-09-04-at-11.40.53.jpeg\"><img decoding=\"async\" width=\"893\" height=\"1024\" data-id=\"36778\" src=\"https:\/\/www.tunuyan.gov.ar\/site\/wp-content\/uploads\/2026\/09\/WhatsApp-Image-2026-09-04-at-11.40.53-893x1024.jpeg\" alt=\"\" class=\"wp-image-36778\" srcset=\"https:\/\/www.tunuyan.gov.ar\/site\/wp-content\/uploads\/2026\/09\/WhatsApp-Image-2026-09-04-at-11.40.53-893x1024.jpeg 893w, https:\/\/www.tunuyan.gov.ar\/site\/wp-content\/uploads\/2026\/09\/WhatsApp-Image-2026-09-04-at-11.40.53-262x300.jpeg 262w, https:\/\/www.tunuyan.gov.ar\/site\/wp-content\/uploads\/2026\/09\/WhatsApp-Image-2026-09-04-at-11.40.53-767x880.jpeg 767w, https:\/\/www.tunuyan.gov.ar\/site\/wp-content\/uploads\/2026\/09\/WhatsApp-Image-2026-09-04-at-11.40.53.jpeg 1116w\" sizes=\"(max-width: 893px) 100vw, 893px\" \/><\/a><\/figure>\n<\/figure>\n\n\n\n<p class=\"wp-block-paragraph\"><\/p>\n","protected":false},"excerpt":{"rendered":"<p>Congreso Nacional de Turismo Deportivo \u201cLuj\u00e1n de Cuyo 2026\u201d<\/p>\n","protected":false},"author":6,"featured_media":36782,"comment_status":"closed","ping_status":"","sticky":false,"template":"","format":"standard","meta":{"footnotes":""},"categories":[24],"tags":[],"class_list":["post-36774","post","type-post","status-publish","format-standard","has-post-thumbnail","hentry","category-noticias"],"_links":{"self":[{"href":"https:\/\/www.tunuyan.gov.ar\/site\/wp-json\/wp\/v2\/posts\/36774","targetHints":{"allow":["GET"]}}],"collection":[{"href":"https:\/\/www.tunuyan.gov.ar\/site\/wp-json\/wp\/v2\/posts"}],"about":[{"href":"https:\/\/www.tunuyan.gov.ar\/site\/wp-json\/wp\/v2\/types\/post"}],"author":[{"embeddable":true,"href":"https:\/\/www.tunuyan.gov.ar\/site\/wp-json\/wp\/v2\/users\/6"}],"replies":[{"embeddable":true,"href":"https:\/\/www.tunuyan.gov.ar\/site\/wp-json\/wp\/v2\/comments?post=36774"}],"version-history":[{"count":1,"href":"https:\/\/www.tunuyan.gov.ar\/site\/wp-json\/wp\/v2\/posts\/36774\/revisions"}],"predecessor-version":[{"id":36785,"href":"https:\/\/www.tunuyan.gov.ar\/site\/wp-json\/wp\/v2\/posts\/36774\/revisions\/36785"}],"wp:featuredmedia":[{"embeddable":true,"href":"https:\/\/www.tunuyan.gov.ar\/site\/wp-json\/wp\/v2\/media\/36782"}],"wp:attachment":[{"href":"https:\/\/www.tunuyan.gov.ar\/site\/wp-json\/wp\/v2\/media?parent=36774"}],"wp:term":[{"taxonomy":"category","embeddable":true,"href":"https:\/\/www.tunuyan.gov.ar\/site\/wp-json\/wp\/v2\/categories?post=36774"},{"taxonomy":"post_tag","embeddable":true,"href":"https:\/\/www.tunuyan.gov.ar\/site\/wp-json\/wp\/v2\/tags?post=36774"}],"curies":[{"name":"wp","href":"https:\/\/api.w.org\/{rel}","templated":true}]}}