{"id":377,"date":"2014-06-05T18:34:54","date_gmt":"2014-06-05T18:34:54","guid":{"rendered":"http:\/\/www.tunuyan.gov.ar\/site\/?p=377"},"modified":"2014-06-05T19:04:30","modified_gmt":"2014-06-05T19:04:30","slug":"caritas-colecta-anual","status":"publish","type":"post","link":"https:\/\/www.tunuyan.gov.ar\/site\/caritas-colecta-anual\/","title":{"rendered":"Caritas \/ Colecta Anual"},"content":{"rendered":"<p><span class=\"userContent\" data-ft=\"{&quot;tn&quot;:&quot;K&quot;}\">La Parroquia Nuestra Se\u00f1ora del Carmen comunica que los d\u00edas s\u00e1bado 7 de junio y domingo 8 de junio se llevar\u00e1 a cabo la Colecta Anual de Caritas. El lema de la colecta de este a\u00f1o es \u201cCompartir es amar\u201d y los organizadores destacan en la convocatoria una frase del papa Francisco: \u201cNadie puede sentirse exceptuado de la preocupaci\u00f3n por los pobres y por la justicia social\u201d.<br \/>\nLos voluntarios debidamente identificados recorrer\u00e1n los barrios del Departamento y estar\u00e1n ubicados en las puertas de los supermercados. Recibir\u00e1n donaciones de alimentos no perecederos y dinero en las alcanc\u00edas. Adem\u00e1s se estar\u00e1n recepcionando donaciones en Caritas Tunuy\u00e1n ubicada en peatonal L\u00f3pez.<\/span><\/p>\n","protected":false},"excerpt":{"rendered":"<p>La Parroquia Nuestra Se\u00f1ora del Carmen comunica que los d\u00edas s\u00e1bado 7 de junio y domingo 8 de junio se llevar\u00e1 a cabo la Colecta Anual de Caritas. El lema de la colecta de este a\u00f1o es \u201cCompartir es amar\u201d y los organizadores destacan en la convocatoria una frase del papa Francisco: \u201cNadie puede sentirse [&hellip;]<\/p>\n","protected":false},"author":1,"featured_media":382,"comment_status":"open","ping_status":"open","sticky":false,"template":"","format":"standard","meta":{"footnotes":""},"categories":[24],"tags":[],"class_list":["post-377","post","type-post","status-publish","format-standard","has-post-thumbnail","hentry","category-noticias"],"_links":{"self":[{"href":"https:\/\/www.tunuyan.gov.ar\/site\/wp-json\/wp\/v2\/posts\/377","targetHints":{"allow":["GET"]}}],"collection":[{"href":"https:\/\/www.tunuyan.gov.ar\/site\/wp-json\/wp\/v2\/posts"}],"about":[{"href":"https:\/\/www.tunuyan.gov.ar\/site\/wp-json\/wp\/v2\/types\/post"}],"author":[{"embeddable":true,"href":"https:\/\/www.tunuyan.gov.ar\/site\/wp-json\/wp\/v2\/users\/1"}],"replies":[{"embeddable":true,"href":"https:\/\/www.tunuyan.gov.ar\/site\/wp-json\/wp\/v2\/comments?post=377"}],"version-history":[{"count":1,"href":"https:\/\/www.tunuyan.gov.ar\/site\/wp-json\/wp\/v2\/posts\/377\/revisions"}],"predecessor-version":[{"id":379,"href":"https:\/\/www.tunuyan.gov.ar\/site\/wp-json\/wp\/v2\/posts\/377\/revisions\/379"}],"wp:featuredmedia":[{"embeddable":true,"href":"https:\/\/www.tunuyan.gov.ar\/site\/wp-json\/wp\/v2\/media\/382"}],"wp:attachment":[{"href":"https:\/\/www.tunuyan.gov.ar\/site\/wp-json\/wp\/v2\/media?parent=377"}],"wp:term":[{"taxonomy":"category","embeddable":true,"href":"https:\/\/www.tunuyan.gov.ar\/site\/wp-json\/wp\/v2\/categories?post=377"},{"taxonomy":"post_tag","embeddable":true,"href":"https:\/\/www.tunuyan.gov.ar\/site\/wp-json\/wp\/v2\/tags?post=377"}],"curies":[{"name":"wp","href":"https:\/\/api.w.org\/{rel}","templated":true}]}}