{"id":8175,"date":"2019-01-04T12:47:07","date_gmt":"2019-01-04T15:47:07","guid":{"rendered":"http:\/\/www.tunuyan.gov.ar\/site\/?p=8175"},"modified":"2019-01-04T14:27:59","modified_gmt":"2019-01-04T17:27:59","slug":"recorrido-de-transporte-para-la-colonia-de-verano-municipal","status":"publish","type":"post","link":"https:\/\/www.tunuyan.gov.ar\/site\/recorrido-de-transporte-para-la-colonia-de-verano-municipal\/","title":{"rendered":"Recorrido de transporte para la Colonia de Verano Municipal"},"content":{"rendered":"<p>Como cada a\u00f1o, la Colonia de Verano Municipal recibe a miles de chicos de distintos puntos del departamento en diferentes piletas nucleadas por la Municipalidad de Tunuy\u00e1n. Para los cuales se contempla un transporte gratuito con paradas estrat\u00e9gicas para que los ni\u00f1os puedan asistir a la colonia de verano de forma segura.<\/p>\n<p>Cabe destacar que los distintos transportes est\u00e1n disponibles para todos los ni\u00f1os que hayan sido previamente inscriptos y cuenten con el precinto correspondiente.<\/p>\n<p>A quienes a\u00fan no hayan realizado la inscripci\u00f3n obligatoria, se los invita a acercarse al Albergue Municipal para que una vez realizada la inscripci\u00f3n reciban el precinto de identificaci\u00f3n. La inscripci\u00f3n debe estar a cargo de un adulto mayor responsable.<\/p>\n<p>Los recorridos ser\u00e1n de martes a viernes (a partir del martes 8 de enero), comienzan a las 8.15hs y tienen como destino el Albergue Municipal. De regreso, a las 12.30hs las movilidades partir\u00e1n desde el Albergue realizando los mismos recorridos de forma inversa.<\/p>\n<p><a href=\"http:\/\/www.tunuyan.gov.ar\/site\/wp-content\/uploads\/2019\/01\/RECORRIDO-1-COLONIA-DE-VERANO-2019.jpg\"><img fetchpriority=\"high\" decoding=\"async\" class=\"alignnone size-medium wp-image-8176\" src=\"http:\/\/www.tunuyan.gov.ar\/site\/wp-content\/uploads\/2019\/01\/RECORRIDO-1-COLONIA-DE-VERANO-2019-232x300.jpg\" alt=\"RECORRIDO 1 - COLONIA DE VERANO 2019\" width=\"232\" height=\"300\" srcset=\"https:\/\/www.tunuyan.gov.ar\/site\/wp-content\/uploads\/2019\/01\/RECORRIDO-1-COLONIA-DE-VERANO-2019-232x300.jpg 232w, https:\/\/www.tunuyan.gov.ar\/site\/wp-content\/uploads\/2019\/01\/RECORRIDO-1-COLONIA-DE-VERANO-2019-792x1024.jpg 792w\" sizes=\"(max-width: 232px) 100vw, 232px\" \/><\/a><\/p>\n<p><strong>Recorrido 1: Inicio 8.15hs<\/strong><\/p>\n<p>1ra parada:\u00a0\u00a0\u00a0\u00a0 Anexo Scaravelli<\/p>\n<p>2da parada: \u00a0\u00a0 G\u00fcemes esquina Col\u00f3n<\/p>\n<p>3ra parada:\u00a0\u00a0\u00a0\u00a0 Escuela Vicente L\u00f3pez<\/p>\n<p>4ta parada:\u00a0\u00a0\u00a0\u00a0 Sal\u00f3n Uni\u00f3n Vecinal B\u00ba Belgrano<\/p>\n<p>5ta parada:\u00a0\u00a0\u00a0\u00a0 Fin, Albergue Municipal<\/p>\n<p><a href=\"http:\/\/www.tunuyan.gov.ar\/site\/wp-content\/uploads\/2019\/01\/0001.jpg\"><img decoding=\"async\" class=\"alignnone size-medium wp-image-8178\" src=\"http:\/\/www.tunuyan.gov.ar\/site\/wp-content\/uploads\/2019\/01\/0001-232x300.jpg\" alt=\"0001\" width=\"232\" height=\"300\" srcset=\"https:\/\/www.tunuyan.gov.ar\/site\/wp-content\/uploads\/2019\/01\/0001-232x300.jpg 232w, https:\/\/www.tunuyan.gov.ar\/site\/wp-content\/uploads\/2019\/01\/0001-793x1024.jpg 793w, https:\/\/www.tunuyan.gov.ar\/site\/wp-content\/uploads\/2019\/01\/0001.jpg 1200w\" sizes=\"(max-width: 232px) 100vw, 232px\" \/><\/a><\/p>\n<p>&nbsp;<\/p>\n<p><strong>Recorrido 2: Inicio 8.15hs<\/strong><\/p>\n<p>1ra parada:\u00a0\u00a0\u00a0\u00a0 Escuela Ruano<\/p>\n<p>2da parada: \u00a0\u00a0 Capilla B\u00ba Villa Urquiza<\/p>\n<p>3ra parada:\u00a0\u00a0\u00a0\u00a0 Escuela Zara de Guiard<\/p>\n<p>4ta parada:\u00a0\u00a0\u00a0\u00a0 CIC calle La Argentina<\/p>\n<p>5ta parada:\u00a0\u00a0\u00a0\u00a0 Plaza B\u00ba Arroyo Claro<\/p>\n<p>6ta parada:\u00a0\u00a0\u00a0\u00a0 Fin, Albergue Municipal<\/p>\n<p><a href=\"http:\/\/www.tunuyan.gov.ar\/site\/wp-content\/uploads\/2019\/01\/RECORRIDO-3-COLONIA-DE-VERANO-20191.jpg\"><img decoding=\"async\" class=\"alignnone size-medium wp-image-8181\" src=\"http:\/\/www.tunuyan.gov.ar\/site\/wp-content\/uploads\/2019\/01\/RECORRIDO-3-COLONIA-DE-VERANO-20191-232x300.jpg\" alt=\"RECORRIDO 3 - COLONIA DE VERANO 2019\" width=\"232\" height=\"300\" srcset=\"https:\/\/www.tunuyan.gov.ar\/site\/wp-content\/uploads\/2019\/01\/RECORRIDO-3-COLONIA-DE-VERANO-20191-232x300.jpg 232w, https:\/\/www.tunuyan.gov.ar\/site\/wp-content\/uploads\/2019\/01\/RECORRIDO-3-COLONIA-DE-VERANO-20191-793x1024.jpg 793w, https:\/\/www.tunuyan.gov.ar\/site\/wp-content\/uploads\/2019\/01\/RECORRIDO-3-COLONIA-DE-VERANO-20191.jpg 1200w\" sizes=\"(max-width: 232px) 100vw, 232px\" \/><\/a><\/p>\n<p>&nbsp;<\/p>\n<p><strong>Recorrido 3: Inicio 8.15hs<\/strong><\/p>\n<p>1ra parada:\u00a0\u00a0\u00a0\u00a0 Escuela Antonio Torres<\/p>\n<p>2da parada: \u00a0\u00a0 Sal\u00f3n Uni\u00f3n Vecinal Villa Rosario<\/p>\n<p>3ra parada:\u00a0\u00a0\u00a0\u00a0 Templo, calle Santa Cruz<\/p>\n<p>4ta parada:\u00a0\u00a0\u00a0\u00a0 Fin, Albergue Municipal<\/p>\n","protected":false},"excerpt":{"rendered":"<p>Como cada a\u00f1o, la Colonia de Verano Municipal recibe a miles de chicos de distintos puntos del departamento en diferentes piletas nucleadas por la Municipalidad de Tunuy\u00e1n. Para los cuales se contempla un transporte gratuito con paradas estrat\u00e9gicas para que los ni\u00f1os puedan asistir a la colonia de verano de forma segura. Cabe destacar que [&hellip;]<\/p>\n","protected":false},"author":2,"featured_media":8184,"comment_status":"open","ping_status":"closed","sticky":false,"template":"","format":"standard","meta":{"footnotes":""},"categories":[24],"tags":[],"class_list":["post-8175","post","type-post","status-publish","format-standard","has-post-thumbnail","hentry","category-noticias"],"_links":{"self":[{"href":"https:\/\/www.tunuyan.gov.ar\/site\/wp-json\/wp\/v2\/posts\/8175","targetHints":{"allow":["GET"]}}],"collection":[{"href":"https:\/\/www.tunuyan.gov.ar\/site\/wp-json\/wp\/v2\/posts"}],"about":[{"href":"https:\/\/www.tunuyan.gov.ar\/site\/wp-json\/wp\/v2\/types\/post"}],"author":[{"embeddable":true,"href":"https:\/\/www.tunuyan.gov.ar\/site\/wp-json\/wp\/v2\/users\/2"}],"replies":[{"embeddable":true,"href":"https:\/\/www.tunuyan.gov.ar\/site\/wp-json\/wp\/v2\/comments?post=8175"}],"version-history":[{"count":2,"href":"https:\/\/www.tunuyan.gov.ar\/site\/wp-json\/wp\/v2\/posts\/8175\/revisions"}],"predecessor-version":[{"id":8185,"href":"https:\/\/www.tunuyan.gov.ar\/site\/wp-json\/wp\/v2\/posts\/8175\/revisions\/8185"}],"wp:featuredmedia":[{"embeddable":true,"href":"https:\/\/www.tunuyan.gov.ar\/site\/wp-json\/wp\/v2\/media\/8184"}],"wp:attachment":[{"href":"https:\/\/www.tunuyan.gov.ar\/site\/wp-json\/wp\/v2\/media?parent=8175"}],"wp:term":[{"taxonomy":"category","embeddable":true,"href":"https:\/\/www.tunuyan.gov.ar\/site\/wp-json\/wp\/v2\/categories?post=8175"},{"taxonomy":"post_tag","embeddable":true,"href":"https:\/\/www.tunuyan.gov.ar\/site\/wp-json\/wp\/v2\/tags?post=8175"}],"curies":[{"name":"wp","href":"https:\/\/api.w.org\/{rel}","templated":true}]}}