{"id":8604,"date":"2019-04-13T12:37:56","date_gmt":"2019-04-13T15:37:56","guid":{"rendered":"http:\/\/www.tunuyan.gov.ar\/site\/?p=8604"},"modified":"2019-04-13T12:37:56","modified_gmt":"2019-04-13T15:37:56","slug":"vista-flores-vivio-una-noche-sonada","status":"publish","type":"post","link":"https:\/\/www.tunuyan.gov.ar\/site\/vista-flores-vivio-una-noche-sonada\/","title":{"rendered":"Vista Flores vivi\u00f3 una noche so\u00f1ada"},"content":{"rendered":"<p>Esto fue en el marco de la re-funcionalizaci\u00f3n de la Plaza central del distrito, Manuel Belgrano, y la inauguraci\u00f3n de la \u00faltima etapa de asfalto encarada, correspondiente a la zona oeste de Vista Flores.<\/p>\n<p>La Municipalidad de Tunuy\u00e1n program\u00f3 una serie de actividades pensadas para el disfrute de la comunidad \u00abvistaflorina\u00bb. Estuvieron presentes, por ejemplo, deleitando con su talento art\u00edstico, Alejandro Berm\u00fadez y \u00abNacho Silva\u00bb. Adem\u00e1s, participaron de la previa del acto protocolar los chicos de las diferentes escuelas art\u00edsticas y contempor\u00e1neas y el Centro de Jubilados de Vista Flores. Tambi\u00e9n, fueron parte de la fiesta vecinos y amigos del distrito, quienes recrearon una historia recordando a personas destacadas y an\u00e9cdotas inolvidables.<\/p>\n<p>El momento protocolar de la jornada estuvo, por supuesto, encabezado por el Intendente de Tunuy\u00e1n, Mart\u00edn Aveiro, qui\u00e9n casi se encontraba sin voz luego de una marat\u00f3nica semana cargada de inauguraciones. Lo acompa\u00f1aron miembros del Honorable Concejo Deliberante de Tunuy\u00e1n, como Enrique Romero, Emir Andraos, Erica Aguilera, Mario M\u00e9ndez, Fanny Rubio y Nelson Piermarini; Legisladores Provinciales, como Patricia Fadel y Daniel Rueda; integrantes del Gabinete Municipal y por supuesto, cientos de vecinos de Vista Flores y distritos cercanos.<\/p>\n<p>La Plaza Manuel Belgrano cambi\u00f3 rotundamente, pero conserv\u00f3 lo m\u00e1s importante: el esp\u00edritu familiar y la calidez de su gente. El resto, no es igual. Se cambiaron los pisos, se cambiaron los juegos en su totalidad, se construyeron fuentes de agua, se levant\u00f3 un monumento en homenaje a Manuel Belgrano, se hicieron tres esculturas de piedra que adornan el paisaje natural que el espacio p\u00fablico ofrece, se modific\u00f3 la luminaria al ciento por ciento, siendo en la actualidad de LED, brindando mayor iluminaci\u00f3n y seguridad. Todo eso, y mucho m\u00e1s.<\/p>\n<p>Vanina Massarutti, vecina de Vista Flores, se pronunci\u00f3 en representaci\u00f3n de todos los vecinos presentes y agradeci\u00f3 no s\u00f3lo al Intendente, sino \u00aba toda la familia municipal por el compromiso, la labor desempe\u00f1ada y el sentimiento que le han puesto a esta y todas las obras que se han hecho en los \u00faltimos a\u00f1os. Es maravilloso ver c\u00f3mo han transformado Tunuy\u00e1n\u00bb.<\/p>\n<p>Por su parte, el Intendente de Tunuy\u00e1n, Mart\u00edn Aveiro, luci\u00f3 feliz y orgulloso, y de la misma manera se expres\u00f3 ante los presentes. \u00abSiento una satisfacci\u00f3n muy grande y un orgullo inmenso por todo el equipo que me acompa\u00f1a. S\u00e9 lo que significa esta Plaza para Vista Flores, lo que significa para cada ni\u00f1o, joven, adulto o adulto mayo una plaza. Estoy feliz de seguir cumpliendo metas, feliz de ver concretar los sue\u00f1os. Me siento honrado de que Tunuy\u00e1n crezca. Esas son nuestras convicciones, es el motivo que nos inspira los 365 d\u00edas del a\u00f1o. Trabajamos, y seguiremos trabajando, para mejorar la vida de cada tunuyanino, no importa en qu\u00e9 parte viva\u00bb.<\/p>\n","protected":false},"excerpt":{"rendered":"<p>Esto fue en el marco de la re-funcionalizaci\u00f3n de la Plaza central del distrito, Manuel Belgrano, y la inauguraci\u00f3n de la \u00faltima etapa de asfalto encarada, correspondiente a la zona oeste de Vista Flores. La Municipalidad de Tunuy\u00e1n program\u00f3 una serie de actividades pensadas para el disfrute de la comunidad \u00abvistaflorina\u00bb. Estuvieron presentes, por ejemplo, [&hellip;]<\/p>\n","protected":false},"author":4,"featured_media":8605,"comment_status":"open","ping_status":"closed","sticky":false,"template":"","format":"standard","meta":{"footnotes":""},"categories":[24],"tags":[],"class_list":["post-8604","post","type-post","status-publish","format-standard","has-post-thumbnail","hentry","category-noticias"],"_links":{"self":[{"href":"https:\/\/www.tunuyan.gov.ar\/site\/wp-json\/wp\/v2\/posts\/8604","targetHints":{"allow":["GET"]}}],"collection":[{"href":"https:\/\/www.tunuyan.gov.ar\/site\/wp-json\/wp\/v2\/posts"}],"about":[{"href":"https:\/\/www.tunuyan.gov.ar\/site\/wp-json\/wp\/v2\/types\/post"}],"author":[{"embeddable":true,"href":"https:\/\/www.tunuyan.gov.ar\/site\/wp-json\/wp\/v2\/users\/4"}],"replies":[{"embeddable":true,"href":"https:\/\/www.tunuyan.gov.ar\/site\/wp-json\/wp\/v2\/comments?post=8604"}],"version-history":[{"count":1,"href":"https:\/\/www.tunuyan.gov.ar\/site\/wp-json\/wp\/v2\/posts\/8604\/revisions"}],"predecessor-version":[{"id":8606,"href":"https:\/\/www.tunuyan.gov.ar\/site\/wp-json\/wp\/v2\/posts\/8604\/revisions\/8606"}],"wp:featuredmedia":[{"embeddable":true,"href":"https:\/\/www.tunuyan.gov.ar\/site\/wp-json\/wp\/v2\/media\/8605"}],"wp:attachment":[{"href":"https:\/\/www.tunuyan.gov.ar\/site\/wp-json\/wp\/v2\/media?parent=8604"}],"wp:term":[{"taxonomy":"category","embeddable":true,"href":"https:\/\/www.tunuyan.gov.ar\/site\/wp-json\/wp\/v2\/categories?post=8604"},{"taxonomy":"post_tag","embeddable":true,"href":"https:\/\/www.tunuyan.gov.ar\/site\/wp-json\/wp\/v2\/tags?post=8604"}],"curies":[{"name":"wp","href":"https:\/\/api.w.org\/{rel}","templated":true}]}}