{"id":8616,"date":"2019-04-15T12:47:36","date_gmt":"2019-04-15T15:47:36","guid":{"rendered":"http:\/\/www.tunuyan.gov.ar\/site\/?p=8616"},"modified":"2019-04-15T12:54:27","modified_gmt":"2019-04-15T15:54:27","slug":"la-cabalgata-de-los-amigos-se-afianza-y-sigue","status":"publish","type":"post","link":"https:\/\/www.tunuyan.gov.ar\/site\/la-cabalgata-de-los-amigos-se-afianza-y-sigue\/","title":{"rendered":"La \u201cCabalgata de los Amigos\u201d se afianza y sigue"},"content":{"rendered":"<p>Cerca de las 7 de la ma\u00f1ana empezaban a llegar los primeros jinetes al predio del \u201cGauchito\u201d. Mate en mano, vestidos para la ocasi\u00f3n y al ritmo de una buena Tonada, gauchos y chinas se preparaban para una nueva aventura a caballo rumbo a la Cruz Negra. Esto fue, en el marco de la 5ta. Edici\u00f3n de \u201cLa Cabalgata de los amigos\u201d, propuesta promovida por la Municipalidad de Tunuy\u00e1n, mediante la Escuela de Artes Ecuestres.<\/p>\n<p>En total, fueron 180 los caballos que dieron marco a esta fiesta, n\u00famero ampliamente superior a las ediciones anteriores. Sin embargo, lo m\u00e1s importante de este tipo de reuniones no es el n\u00famero de participantes, sino m\u00e1s bien, el n\u00famero de personas que acompa\u00f1an la actividad, que dan vida a las tradiciones, que sostienen la cultura cuyana y que invitan a continuar por este camino de dar lugar o apoyar eventos populares donde la familia es la protagonista. M\u00e1s de 600 personas coparon el predio de la Cruz Negra. Hubo comidas t\u00edpicas, baile, m\u00fasica y brindis por doquier.<\/p>\n<p>Durante la jornada, estuvieron presentes acompa\u00f1ando a la Escuela de Artes Ecuestres del municipio, las agrupaciones Los Compadres y Brisas del Valle. Adem\u00e1s, estuvieron participando de la actividad el Intendente de Tunuy\u00e1n, Mart\u00edn Aveiro, el secretario de Infraestructura y Medio Ambiente, Julio Cisterna, y Cristian Gottardini.<\/p>\n<p>Desde la organizaci\u00f3n de la Cabalgata de los Amigos, sostuvieron que \u201cse cumplieron ampliamente con las expectativas, con un gran n\u00famero de participantes y familia en general, como as\u00ed tambi\u00e9n habiendo disfrutado de la jornada sin mayores inconvenientes\u201d. Por su parte, el Intendente de Tunuy\u00e1n se mostr\u00f3 muy conforme y a gusto, e inst\u00f3 a los organizadores y agrupaciones gauchas \u201ca seguir trabajando para que \u00e9sta actividad contin\u00fae por muchos a\u00f1os m\u00e1s porque revaloriza lo mejor de nuestras tradiciones\u201d.<\/p>\n<p>Otro punto destacable tiene que ver con la participaci\u00f3n del Ballet Federal municipal, la escuadra ecuestre de los hermanos Contreras y la puesta art\u00edstica musical de los \u201cTrinares del Piuqu\u00e9n\u201d, \u00abAmanecer Cuyano\u00bb, \u201cAlberto Silva y sus Huarpes\u201d y \u201cLa Grieta\u201d.<\/p>\n","protected":false},"excerpt":{"rendered":"<p>Cerca de las 7 de la ma\u00f1ana empezaban a llegar los primeros jinetes al predio del \u201cGauchito\u201d. Mate en mano, vestidos para la ocasi\u00f3n y al ritmo de una buena Tonada, gauchos y chinas se preparaban para una nueva aventura a caballo rumbo a la Cruz Negra. Esto fue, en el marco de la 5ta. [&hellip;]<\/p>\n","protected":false},"author":4,"featured_media":8617,"comment_status":"open","ping_status":"closed","sticky":false,"template":"","format":"standard","meta":{"footnotes":""},"categories":[24],"tags":[],"class_list":["post-8616","post","type-post","status-publish","format-standard","has-post-thumbnail","hentry","category-noticias"],"_links":{"self":[{"href":"https:\/\/www.tunuyan.gov.ar\/site\/wp-json\/wp\/v2\/posts\/8616","targetHints":{"allow":["GET"]}}],"collection":[{"href":"https:\/\/www.tunuyan.gov.ar\/site\/wp-json\/wp\/v2\/posts"}],"about":[{"href":"https:\/\/www.tunuyan.gov.ar\/site\/wp-json\/wp\/v2\/types\/post"}],"author":[{"embeddable":true,"href":"https:\/\/www.tunuyan.gov.ar\/site\/wp-json\/wp\/v2\/users\/4"}],"replies":[{"embeddable":true,"href":"https:\/\/www.tunuyan.gov.ar\/site\/wp-json\/wp\/v2\/comments?post=8616"}],"version-history":[{"count":2,"href":"https:\/\/www.tunuyan.gov.ar\/site\/wp-json\/wp\/v2\/posts\/8616\/revisions"}],"predecessor-version":[{"id":8619,"href":"https:\/\/www.tunuyan.gov.ar\/site\/wp-json\/wp\/v2\/posts\/8616\/revisions\/8619"}],"wp:featuredmedia":[{"embeddable":true,"href":"https:\/\/www.tunuyan.gov.ar\/site\/wp-json\/wp\/v2\/media\/8617"}],"wp:attachment":[{"href":"https:\/\/www.tunuyan.gov.ar\/site\/wp-json\/wp\/v2\/media?parent=8616"}],"wp:term":[{"taxonomy":"category","embeddable":true,"href":"https:\/\/www.tunuyan.gov.ar\/site\/wp-json\/wp\/v2\/categories?post=8616"},{"taxonomy":"post_tag","embeddable":true,"href":"https:\/\/www.tunuyan.gov.ar\/site\/wp-json\/wp\/v2\/tags?post=8616"}],"curies":[{"name":"wp","href":"https:\/\/api.w.org\/{rel}","templated":true}]}}