{"id":9854,"date":"2019-09-13T10:21:08","date_gmt":"2019-09-13T13:21:08","guid":{"rendered":"http:\/\/www.tunuyan.gov.ar\/site\/?p=9854"},"modified":"2019-09-13T10:21:09","modified_gmt":"2019-09-13T13:21:09","slug":"final-para-el-curso-empresarial-dictado-en-cic","status":"publish","type":"post","link":"https:\/\/www.tunuyan.gov.ar\/site\/final-para-el-curso-empresarial-dictado-en-cic\/","title":{"rendered":"Final para el Curso Empresarial dictado en CIC"},"content":{"rendered":"\n<p>Finaliz\u00f3 con \u00e9xito el curso\nempresarial dictado todos los martes en el Centro Integrador Comunitario de\nGuisasola y La Argentina de Tunuy\u00e1n, taller al que concurr\u00edan alrededor de 20\npersonas.<\/p>\n\n\n\n<p>Adem\u00e1s del aprendizaje, los\nbeneficiarios de este curso cobraban un incentivo mensual de $ 1600. Aunque,\nespec\u00edficamente, el objeto del programa es capacitar y acompa\u00f1ar en la\nformulaci\u00f3n de su plan de negocios.<\/p>\n\n\n\n<p>Cada uno de sus planes y\/o\nproyectos se presentan y, en caso de ser aprobados, acceden a un apoyo no\nreintegrable de $63.000 para su emprendimiento.<\/p>\n","protected":false},"excerpt":{"rendered":"<p>Finaliz\u00f3 con \u00e9xito el curso empresarial dictado todos los martes en el Centro Integrador Comunitario de Guisasola y La Argentina de Tunuy\u00e1n, taller al que concurr\u00edan alrededor de 20 personas. Adem\u00e1s del aprendizaje, los beneficiarios de este curso cobraban un incentivo mensual de $ 1600. Aunque, espec\u00edficamente, el objeto del programa es capacitar y acompa\u00f1ar [&hellip;]<\/p>\n","protected":false},"author":4,"featured_media":9855,"comment_status":"open","ping_status":"closed","sticky":false,"template":"","format":"standard","meta":{"footnotes":""},"categories":[24],"tags":[],"class_list":["post-9854","post","type-post","status-publish","format-standard","has-post-thumbnail","hentry","category-noticias"],"_links":{"self":[{"href":"https:\/\/www.tunuyan.gov.ar\/site\/wp-json\/wp\/v2\/posts\/9854","targetHints":{"allow":["GET"]}}],"collection":[{"href":"https:\/\/www.tunuyan.gov.ar\/site\/wp-json\/wp\/v2\/posts"}],"about":[{"href":"https:\/\/www.tunuyan.gov.ar\/site\/wp-json\/wp\/v2\/types\/post"}],"author":[{"embeddable":true,"href":"https:\/\/www.tunuyan.gov.ar\/site\/wp-json\/wp\/v2\/users\/4"}],"replies":[{"embeddable":true,"href":"https:\/\/www.tunuyan.gov.ar\/site\/wp-json\/wp\/v2\/comments?post=9854"}],"version-history":[{"count":1,"href":"https:\/\/www.tunuyan.gov.ar\/site\/wp-json\/wp\/v2\/posts\/9854\/revisions"}],"predecessor-version":[{"id":9856,"href":"https:\/\/www.tunuyan.gov.ar\/site\/wp-json\/wp\/v2\/posts\/9854\/revisions\/9856"}],"wp:featuredmedia":[{"embeddable":true,"href":"https:\/\/www.tunuyan.gov.ar\/site\/wp-json\/wp\/v2\/media\/9855"}],"wp:attachment":[{"href":"https:\/\/www.tunuyan.gov.ar\/site\/wp-json\/wp\/v2\/media?parent=9854"}],"wp:term":[{"taxonomy":"category","embeddable":true,"href":"https:\/\/www.tunuyan.gov.ar\/site\/wp-json\/wp\/v2\/categories?post=9854"},{"taxonomy":"post_tag","embeddable":true,"href":"https:\/\/www.tunuyan.gov.ar\/site\/wp-json\/wp\/v2\/tags?post=9854"}],"curies":[{"name":"wp","href":"https:\/\/api.w.org\/{rel}","templated":true}]}}