{"id":9869,"date":"2019-09-16T10:28:02","date_gmt":"2019-09-16T13:28:02","guid":{"rendered":"http:\/\/www.tunuyan.gov.ar\/site\/?p=9869"},"modified":"2019-09-16T10:28:03","modified_gmt":"2019-09-16T13:28:03","slug":"apertura-semana-estudiantil","status":"publish","type":"post","link":"https:\/\/www.tunuyan.gov.ar\/site\/apertura-semana-estudiantil\/","title":{"rendered":"Apertura Semana Estudiantil"},"content":{"rendered":"\n<p>Tunuy\u00e1n vive una nueva Semana\nEstudiantil. Este viernes, dio comienzo la tradicional actividad estudiantil\ncon el recorrido de antorcha, estudiantina, presentaci\u00f3n de mascotas, banderas\ny Rey y Reina de cada escuela. Hubo m\u00e1s de 5 mil estudiantes, de las 10\nescuelas participantes, en el predio del polideportivo central de Tunuy\u00e1n.<\/p>\n\n\n\n<p>El s\u00e1bado, en Swimming, dieron\ninicio las actividades deportivas. Continuaron, por la tarde, en el Polideportivo.\nEsto se repetir\u00e1 por las pr\u00f3ximas 2 semanas. El gran cierre de Semana\nEstudiantil 2019, ser\u00e1 el 27 de septiembre con la Far\u00e1ndula Estudiantil y la\nelecci\u00f3n y coronaci\u00f3n de Rey y Reina. La frutilla del postre, ser\u00e1 el\nespect\u00e1culo que brindar\u00e1n WOS y Los Totora el 22 de septiembre en el Anfiteatro\nMunicipal de Tunuy\u00e1n.<\/p>\n","protected":false},"excerpt":{"rendered":"<p>Tunuy\u00e1n vive una nueva Semana Estudiantil. Este viernes, dio comienzo la tradicional actividad estudiantil con el recorrido de antorcha, estudiantina, presentaci\u00f3n de mascotas, banderas y Rey y Reina de cada escuela. Hubo m\u00e1s de 5 mil estudiantes, de las 10 escuelas participantes, en el predio del polideportivo central de Tunuy\u00e1n. El s\u00e1bado, en Swimming, dieron [&hellip;]<\/p>\n","protected":false},"author":4,"featured_media":9863,"comment_status":"open","ping_status":"closed","sticky":false,"template":"","format":"standard","meta":{"footnotes":""},"categories":[24],"tags":[],"class_list":["post-9869","post","type-post","status-publish","format-standard","has-post-thumbnail","hentry","category-noticias"],"_links":{"self":[{"href":"https:\/\/www.tunuyan.gov.ar\/site\/wp-json\/wp\/v2\/posts\/9869","targetHints":{"allow":["GET"]}}],"collection":[{"href":"https:\/\/www.tunuyan.gov.ar\/site\/wp-json\/wp\/v2\/posts"}],"about":[{"href":"https:\/\/www.tunuyan.gov.ar\/site\/wp-json\/wp\/v2\/types\/post"}],"author":[{"embeddable":true,"href":"https:\/\/www.tunuyan.gov.ar\/site\/wp-json\/wp\/v2\/users\/4"}],"replies":[{"embeddable":true,"href":"https:\/\/www.tunuyan.gov.ar\/site\/wp-json\/wp\/v2\/comments?post=9869"}],"version-history":[{"count":1,"href":"https:\/\/www.tunuyan.gov.ar\/site\/wp-json\/wp\/v2\/posts\/9869\/revisions"}],"predecessor-version":[{"id":9870,"href":"https:\/\/www.tunuyan.gov.ar\/site\/wp-json\/wp\/v2\/posts\/9869\/revisions\/9870"}],"wp:featuredmedia":[{"embeddable":true,"href":"https:\/\/www.tunuyan.gov.ar\/site\/wp-json\/wp\/v2\/media\/9863"}],"wp:attachment":[{"href":"https:\/\/www.tunuyan.gov.ar\/site\/wp-json\/wp\/v2\/media?parent=9869"}],"wp:term":[{"taxonomy":"category","embeddable":true,"href":"https:\/\/www.tunuyan.gov.ar\/site\/wp-json\/wp\/v2\/categories?post=9869"},{"taxonomy":"post_tag","embeddable":true,"href":"https:\/\/www.tunuyan.gov.ar\/site\/wp-json\/wp\/v2\/tags?post=9869"}],"curies":[{"name":"wp","href":"https:\/\/api.w.org\/{rel}","templated":true}]}}